{"id":821,"date":"2019-12-18T19:25:43","date_gmt":"2019-12-19T01:25:43","guid":{"rendered":"http:\/\/www.gnosisxxi.mx\/?p=821"},"modified":"2026-04-16T00:13:52","modified_gmt":"2026-04-16T06:13:52","slug":"equidad-de-genero-y-la-educacion-superior","status":"publish","type":"post","link":"https:\/\/www.gnosisxxi.mx\/es\/equidad-de-genero-y-la-educacion-superior\/","title":{"rendered":"Equidad de g\u00e9nero y la Educaci\u00f3n Superior."},"content":{"rendered":"<p>Es ya muy com\u00fan escuchar la igualdad de g\u00e9nero como tema transversal en toda la planeaci\u00f3n estrat\u00e9gica de las instituciones privadas y p\u00fablicas (en organismos gubernamentales y en los planes estatales y municipales de gobierno).<\/p>\n<p>La organizaci\u00f3n de las Naciones Unidas para la Educaci\u00f3n, la Ciencia y la Cultura (UNESCO) ha estado trabajando en los \u00faltimos a\u00f1os en sus \u201cEstrategias a plazo medio 2014-2021\u201d (UNESCO, Estrategias a Plazo Medio (2014-2021), 2014) en la que se establecen los principios rectores en educaci\u00f3n, ciencia y cultura. Una de sus prioridades globales es la igualdad de g\u00e9nero, y al respecto declara en el documento:<\/p>\n<p>\u201cLa UNESCO considera la igualdad de g\u00e9nero un derecho humano fundamental, un elemento decisivo para la justicia social y una necesidad econ\u00f3mica. Es un factor cr\u00edtico para el logro de todos los objetivos de desarrollo convenidos internacionalmente, as\u00ed como un objetivo en si mismo. El desarrollo sostenible y la paz en los \u00e1mbitos mundial, regional y local solo podr\u00e1n lograrse si las mujeres y los hombres disfrutan, en m\u00e1s amplia medida y en condiciones de igualdad, de oportunidades, opciones y capacidades que les permitan vivir en libertad y con dignidad como ciudadanos de pleno derecho y en pie de igualdad.\u201d (UNESCO, 2014)<\/p>\n<p>Como complemento a este documento, lanzaron un Plan de Acci\u00f3n en donde se establecen las medidas que adoptar\u00e1n en todas sus esferas de competencia para este mismo periodo para contribuir plena y activamente a la consecuci\u00f3n del empoderamiento de la mujer y la igualdad de g\u00e9nero, no solo al interior de la propia UNESCO sino tambi\u00e9n haci\u00e9ndolo extensivo a sus Estados Miembros. (UNESCO, 2014)<\/p>\n<p>Es importante resaltar que la Cuarta conferencia mundial sobre la mujer celebrada en Beijing en 1995, contribuy\u00f3 para ser el marco de referencia para el dise\u00f1o de los documentos mencionados. La Declaraci\u00f3n y Plataforma de Acci\u00f3n de Beijing establece como sus objetivos estrat\u00e9gicos los siguientes: erradicaci\u00f3n de la pobreza, el acceso a la educaci\u00f3n, capacitaci\u00f3n y a la salud, erradicaci\u00f3n de la violencia contra la mujer, su seguridad en conflictos armados, su acceso a la econom\u00eda, la mujer en el ejercicio del poder y toma de decisiones, mecanismos institucionales para el adelanto de la mujer, los derechos humanos de la mujer, la mujer y los medios de difusi\u00f3n, la mujer y el medio ambiente y un objetivo estrat\u00e9gico dirigido a las ni\u00f1as. (ONU Mujeres, 2014)<\/p>\n<p>En este sentido, la igualdad de g\u00e9nero es una de las premisas para poder avanzar en el desarrollo sustentable y la educaci\u00f3n es la plataforma b\u00e1sica para lograr muchos de estos temas. Si bien el acceso de ni\u00f1as y mujeres en la educaci\u00f3n ha logrado grandes avances, todav\u00eda hay mucho por hacer. En la Declaraci\u00f3n y Plataforma de Acci\u00f3n de Beijing se establece que \u201cEl acceso y la retenci\u00f3n de las ni\u00f1as y mujeres en todos los niveles de ense\u00f1anza, incluido el nivel superior (Higher Education) es uno de los factores de su continuo progreso en las actividades profesionales. (UNWomen, 2014).<\/p>\n<p>Aqu\u00ed me gustar\u00eda detenerme ya que esta declaraci\u00f3n es fundamental para entender que las mujeres deben acceder a niveles superiores de educaci\u00f3n (Higher Education), independientemente de su condici\u00f3n social y situaci\u00f3n personal y el foco debe centrarse en llegar ah\u00ed.<\/p>\n<p>En mi experiencia personal, la importancia de que las mujeres lleguen a estudios superiores radica en las competencias, capacidades y habilidades que desarrollan para dirigirse a si mismas y para dirigir a otros, ya sea un equipo de trabajo y\/o la propia familia:<\/p>\n<p><strong>Visi\u00f3n:<\/strong> nuestra capacidad de crear metas a largo plazo; pensar en una vida personal y profesional m\u00e1s all\u00e1 de lo que se tiene en el momento, el porqu\u00e9 de lo que hacemos d\u00eda a d\u00eda, la forma mas din\u00e1mica de inspirar el futuro y darle energ\u00eda para que esas metas se cumplan a pesar de que algunas veces nos podamos estar desviando del camino. La visi\u00f3n volver\u00e1 a encausarnos. Esta capacidad de visualizar las competencias distintivas tanto personales como profesionales nos da ventajas competitivas en todos los \u00e1mbitos, pero para que esto suceda es importante tomar un momento para verlo.<\/p>\n<p><strong>Liderazgo<\/strong>: nuestra capacidad de interactuar y guiar a otros de forma positiva y con prop\u00f3sitos definidos. Tener la habilidad de inspirarse uno mismo y a otros para actuar y lograr impactos positivos, de crear una cultura de ser y hacer y as\u00ed poder crear una comunidad fuerte, en la empresa y\/o en la familia. Y si aquellas a quienes inspiremos son otras ni\u00f1as, jovencitas, mujeres, entonces el impacto es y ser\u00e1 mayor.<\/p>\n<p><strong>Misi\u00f3n.<\/strong> Todos tenemos una misi\u00f3n en la vida y es muy com\u00fan que nos preguntemos cu\u00e1l es como si estuviera en el aire. La visi\u00f3n nos da ese camino para encontrar lo que realmente es importante en nuestra vida profesional y personal, aquello para lo que realmente vale la pena esforzarse.<\/p>\n<p><strong>Planeaci\u00f3n y Organizaci\u00f3n<\/strong>: Para lograr esas metas de largo plazo es necesario pasar por las metas de corto y mediano plazo y en eso nos ayuda la planeaci\u00f3n. Cualquier actividad lleva tiempo y esfuerzo, y si esas dos variables son aprovechadas de manera eficiente y eficaz, las actividades del d\u00eda a d\u00eda ser\u00e1n mucho m\u00e1s provechosas. Hay que recordar que el d\u00eda solo tiene 24 horas y se necesita tiempo para actividades b\u00e1sicas como comer y dormir.<\/p>\n<p><strong>Independencia econ\u00f3mica<\/strong>: las habilidades y capacidades profesionales permiten que las mujeres tengamos acceso a empleos dignos y con remuneraciones decentes (en la mayor\u00eda de los casos) lo que tambi\u00e9n impacta de manera positiva al incremento en la calidad de vida de la mujer en lo individual y de su familia.<\/p>\n<p><strong>ETC\u2026<\/strong><\/p>\n<p>&nbsp;<\/p>\n<p>Podr\u00eda seguir con una lista interminable de capacidades y habilidades aparte de las que generan los propios estudios. Capacidades y habilidades para la vida, una vida digna, lejos de la violencia de cualquier tipo, lejos de la dependencia de cualquier tipo y muy cerca de la libertad de elegir y de decidir.<\/p>\n<p>&nbsp;<\/p>\n<h1>Referencias.<\/h1>\n<p>ONU Mujeres. (2014). <em>ONU Mujeres<\/em>. Recuperado el 12 de 12 de 2019, de https:\/\/www.unwomen.org\/es\/how-we-work\/intergovernmental-support\/world-conferences-on-women<\/p>\n<p>UNESCO. (2014). <em>Estrategias a Plazo Medio (2014-2021).<\/em> Recuperado el 12 de 12 de 2019, de http:\/\/www.lacult.unesco.org\/docc\/37C4_es.pdf<\/p>\n<p>UNESCO. (2015). <em>Segundo Plan de Accci\u00f3n.<\/em> Recuperado el 12 de 12 de 2019, de https:\/\/unesdoc.unesco.org\/in\/documentViewer.xhtml?v=2.1.196&amp;id=p::usmarcdef_0000227222_spa&amp;file=\/in\/rest\/annotationSVC\/DownloadWatermarkedAttachment\/attach_upload_3af8f3cb-be2d-4d05-8192-4a1bd67c6830%3F_%3D227222spa.pdf&amp;locale=es&amp;multi=true&amp;ark=\/ark:\/48223\/pf0000227222_spa\/PDF\/227222spa.pdf#%5B%7B%22num%22%3A30%2C%22gen%22%3A0%7D%2C%7B%22name%22%3A%22XYZ%22%7D%2C17%2C649%2Cnull%5D<\/p>\n<p>UNWomen. (2014). <em>ONU Mujeres,<\/em>. Recuperado el 12 de 12 de 2019, de https:\/\/www.unwomen.org\/-\/media\/headquarters\/attachments\/sections\/csw\/bpa_s_final_web.pdf?la=es&amp;vs=755<\/p>\n<p>&nbsp;<\/p>\n","protected":false},"excerpt":{"rendered":"<p>Es ya muy com\u00fan escuchar la igualdad de g\u00e9nero como tema transversal en toda la planeaci\u00f3n estrat\u00e9gica de las instituciones privadas y p\u00fablicas (en organismos gubernamentales y en los planes estatales y municipales de gobierno). La organizaci\u00f3n de las Naciones Unidas para la Educaci\u00f3n, la Ciencia y la Cultura (UNESCO) ha estado trabajando en los [&hellip;]<\/p>\n","protected":false},"author":3,"featured_media":0,"comment_status":"open","ping_status":"open","sticky":false,"template":"","format":"standard","meta":{"footnotes":""},"categories":[18],"tags":[],"class_list":["post-821","post","type-post","status-publish","format-standard","hentry","category-genero"],"yoast_head":"<!-- This site is optimized with the Yoast SEO plugin v27.4 - https:\/\/yoast.com\/product\/yoast-seo-wordpress\/ -->\n<title>Equidad de g\u00e9nero y la Educaci\u00f3n Superior. - Gnosis XXI<\/title>\n<meta name=\"robots\" content=\"index, follow, max-snippet:-1, max-image-preview:large, max-video-preview:-1\" \/>\n<link rel=\"canonical\" href=\"https:\/\/www.gnosisxxi.mx\/es\/equidad-de-genero-y-la-educacion-superior\/\" \/>\n<meta property=\"og:locale\" content=\"es_MX\" \/>\n<meta property=\"og:type\" content=\"article\" \/>\n<meta property=\"og:title\" content=\"Equidad de g\u00e9nero y la Educaci\u00f3n Superior. - Gnosis XXI\" \/>\n<meta property=\"og:description\" content=\"Es ya muy com\u00fan escuchar la igualdad de g\u00e9nero como tema transversal en toda la planeaci\u00f3n estrat\u00e9gica de las instituciones privadas y p\u00fablicas (en organismos gubernamentales y en los planes estatales y municipales de gobierno). La organizaci\u00f3n de las Naciones Unidas para la Educaci\u00f3n, la Ciencia y la Cultura (UNESCO) ha estado trabajando en los [&hellip;]\" \/>\n<meta property=\"og:url\" content=\"https:\/\/www.gnosisxxi.mx\/es\/equidad-de-genero-y-la-educacion-superior\/\" \/>\n<meta property=\"og:site_name\" content=\"Gnosis XXI\" \/>\n<meta property=\"article:published_time\" content=\"2019-12-19T01:25:43+00:00\" \/>\n<meta property=\"article:modified_time\" content=\"2026-04-16T06:13:52+00:00\" \/>\n<meta name=\"author\" content=\"Adriana Maldonado Jim\u00e9nez, MBA, MSc\" \/>\n<meta name=\"twitter:card\" content=\"summary_large_image\" \/>\n<meta name=\"twitter:label1\" content=\"Escrito por\" \/>\n\t<meta name=\"twitter:data1\" content=\"Mtra. Adriana Maldonado Jim\u00e9nez, MBA\" \/>\n\t<meta name=\"twitter:label2\" content=\"Tiempo de lectura\" \/>\n\t<meta name=\"twitter:data2\" content=\"6 minutos\" \/>\n<script type=\"application\/ld+json\" class=\"yoast-schema-graph\">{\"@context\":\"https:\\\/\\\/schema.org\",\"@graph\":[{\"@type\":\"Article\",\"@id\":\"https:\\\/\\\/www.gnosisxxi.mx\\\/es\\\/equidad-de-genero-y-la-educacion-superior\\\/#article\",\"isPartOf\":{\"@id\":\"https:\\\/\\\/www.gnosisxxi.mx\\\/es\\\/equidad-de-genero-y-la-educacion-superior\\\/\"},\"author\":{\"name\":\"Adriana Maldonado Jim\u00e9nez, MBA, MSc\",\"@id\":\"https:\\\/\\\/www.gnosisxxi.mx\\\/es\\\/#\\\/schema\\\/person\\\/d6c9a151f6e26a58c07293c0426c4ec0\"},\"headline\":\"Equidad de g\u00e9nero y la Educaci\u00f3n Superior.\",\"datePublished\":\"2019-12-19T01:25:43+00:00\",\"dateModified\":\"2026-04-16T06:13:52+00:00\",\"mainEntityOfPage\":{\"@id\":\"https:\\\/\\\/www.gnosisxxi.mx\\\/es\\\/equidad-de-genero-y-la-educacion-superior\\\/\"},\"wordCount\":1205,\"commentCount\":0,\"articleSection\":[\"G\u00e9nero\"],\"inLanguage\":\"es\",\"potentialAction\":[{\"@type\":\"CommentAction\",\"name\":\"Comment\",\"target\":[\"https:\\\/\\\/www.gnosisxxi.mx\\\/es\\\/equidad-de-genero-y-la-educacion-superior\\\/#respond\"]}]},{\"@type\":\"WebPage\",\"@id\":\"https:\\\/\\\/www.gnosisxxi.mx\\\/es\\\/equidad-de-genero-y-la-educacion-superior\\\/\",\"url\":\"https:\\\/\\\/www.gnosisxxi.mx\\\/es\\\/equidad-de-genero-y-la-educacion-superior\\\/\",\"name\":\"Equidad de g\u00e9nero y la Educaci\u00f3n Superior. - Gnosis XXI\",\"isPartOf\":{\"@id\":\"https:\\\/\\\/www.gnosisxxi.mx\\\/es\\\/#website\"},\"datePublished\":\"2019-12-19T01:25:43+00:00\",\"dateModified\":\"2026-04-16T06:13:52+00:00\",\"author\":{\"@id\":\"https:\\\/\\\/www.gnosisxxi.mx\\\/es\\\/#\\\/schema\\\/person\\\/d6c9a151f6e26a58c07293c0426c4ec0\"},\"breadcrumb\":{\"@id\":\"https:\\\/\\\/www.gnosisxxi.mx\\\/es\\\/equidad-de-genero-y-la-educacion-superior\\\/#breadcrumb\"},\"inLanguage\":\"es\",\"potentialAction\":[{\"@type\":\"ReadAction\",\"target\":[\"https:\\\/\\\/www.gnosisxxi.mx\\\/es\\\/equidad-de-genero-y-la-educacion-superior\\\/\"]}]},{\"@type\":\"BreadcrumbList\",\"@id\":\"https:\\\/\\\/www.gnosisxxi.mx\\\/es\\\/equidad-de-genero-y-la-educacion-superior\\\/#breadcrumb\",\"itemListElement\":[{\"@type\":\"ListItem\",\"position\":1,\"name\":\"Inicio\",\"item\":\"https:\\\/\\\/www.gnosisxxi.mx\\\/es\\\/\"},{\"@type\":\"ListItem\",\"position\":2,\"name\":\"Equidad de g\u00e9nero y la Educaci\u00f3n Superior.\"}]},{\"@type\":\"WebSite\",\"@id\":\"https:\\\/\\\/www.gnosisxxi.mx\\\/es\\\/#website\",\"url\":\"https:\\\/\\\/www.gnosisxxi.mx\\\/es\\\/\",\"name\":\"Gnosis XXI\",\"description\":\"Gnosis XXI aplicando el conocimiento y construyendo redes de apoyo para acompa\u00f1ar a las empresas y gobiernos a lograr el \u00e9xito en su prop\u00f3sito con eficiencia y efectividad.\",\"potentialAction\":[{\"@type\":\"SearchAction\",\"target\":{\"@type\":\"EntryPoint\",\"urlTemplate\":\"https:\\\/\\\/www.gnosisxxi.mx\\\/es\\\/?s={search_term_string}\"},\"query-input\":{\"@type\":\"PropertyValueSpecification\",\"valueRequired\":true,\"valueName\":\"search_term_string\"}}],\"inLanguage\":\"es\"},{\"@type\":\"Person\",\"@id\":\"https:\\\/\\\/www.gnosisxxi.mx\\\/es\\\/#\\\/schema\\\/person\\\/d6c9a151f6e26a58c07293c0426c4ec0\",\"name\":\"Adriana Maldonado Jim\u00e9nez, MBA, MSc\",\"pronouns\":\"she\\\/her\",\"image\":{\"@type\":\"ImageObject\",\"inLanguage\":\"es\",\"@id\":\"https:\\\/\\\/secure.gravatar.com\\\/avatar\\\/88fef5c9b059fe9f088526b4e13574c1a31a62be3e6f1f387935ffe2dab72766?s=96&d=mm&r=g\",\"url\":\"https:\\\/\\\/secure.gravatar.com\\\/avatar\\\/88fef5c9b059fe9f088526b4e13574c1a31a62be3e6f1f387935ffe2dab72766?s=96&d=mm&r=g\",\"contentUrl\":\"https:\\\/\\\/secure.gravatar.com\\\/avatar\\\/88fef5c9b059fe9f088526b4e13574c1a31a62be3e6f1f387935ffe2dab72766?s=96&d=mm&r=g\",\"caption\":\"Adriana Maldonado Jim\u00e9nez, MBA, MSc\"},\"sameAs\":[\"https:\\\/\\\/www.gnosisxxi.mx\",\"https:\\\/\\\/www.linkedin.com\\\/in\\\/adriana-maldonado-jimnez-40b708b0\\\/\"],\"url\":\"https:\\\/\\\/www.gnosisxxi.mx\\\/es\\\/autor\\\/mtra-adriana-maldonado-jimenez-mba\\\/\"}]}<\/script>\n<!-- \/ Yoast SEO plugin. -->","yoast_head_json":{"title":"Equidad de g\u00e9nero y la Educaci\u00f3n Superior. - Gnosis XXI","robots":{"index":"index","follow":"follow","max-snippet":"max-snippet:-1","max-image-preview":"max-image-preview:large","max-video-preview":"max-video-preview:-1"},"canonical":"https:\/\/www.gnosisxxi.mx\/es\/equidad-de-genero-y-la-educacion-superior\/","og_locale":"es_MX","og_type":"article","og_title":"Equidad de g\u00e9nero y la Educaci\u00f3n Superior. - Gnosis XXI","og_description":"Es ya muy com\u00fan escuchar la igualdad de g\u00e9nero como tema transversal en toda la planeaci\u00f3n estrat\u00e9gica de las instituciones privadas y p\u00fablicas (en organismos gubernamentales y en los planes estatales y municipales de gobierno). La organizaci\u00f3n de las Naciones Unidas para la Educaci\u00f3n, la Ciencia y la Cultura (UNESCO) ha estado trabajando en los [&hellip;]","og_url":"https:\/\/www.gnosisxxi.mx\/es\/equidad-de-genero-y-la-educacion-superior\/","og_site_name":"Gnosis XXI","article_published_time":"2019-12-19T01:25:43+00:00","article_modified_time":"2026-04-16T06:13:52+00:00","author":"Adriana Maldonado Jim\u00e9nez, MBA, MSc","twitter_card":"summary_large_image","twitter_misc":{"Escrito por":"Mtra. Adriana Maldonado Jim\u00e9nez, MBA","Tiempo de lectura":"6 minutos"},"schema":{"@context":"https:\/\/schema.org","@graph":[{"@type":"Article","@id":"https:\/\/www.gnosisxxi.mx\/es\/equidad-de-genero-y-la-educacion-superior\/#article","isPartOf":{"@id":"https:\/\/www.gnosisxxi.mx\/es\/equidad-de-genero-y-la-educacion-superior\/"},"author":{"name":"Adriana Maldonado Jim\u00e9nez, MBA, MSc","@id":"https:\/\/www.gnosisxxi.mx\/es\/#\/schema\/person\/d6c9a151f6e26a58c07293c0426c4ec0"},"headline":"Equidad de g\u00e9nero y la Educaci\u00f3n Superior.","datePublished":"2019-12-19T01:25:43+00:00","dateModified":"2026-04-16T06:13:52+00:00","mainEntityOfPage":{"@id":"https:\/\/www.gnosisxxi.mx\/es\/equidad-de-genero-y-la-educacion-superior\/"},"wordCount":1205,"commentCount":0,"articleSection":["G\u00e9nero"],"inLanguage":"es","potentialAction":[{"@type":"CommentAction","name":"Comment","target":["https:\/\/www.gnosisxxi.mx\/es\/equidad-de-genero-y-la-educacion-superior\/#respond"]}]},{"@type":"WebPage","@id":"https:\/\/www.gnosisxxi.mx\/es\/equidad-de-genero-y-la-educacion-superior\/","url":"https:\/\/www.gnosisxxi.mx\/es\/equidad-de-genero-y-la-educacion-superior\/","name":"Equidad de g\u00e9nero y la Educaci\u00f3n Superior. - Gnosis XXI","isPartOf":{"@id":"https:\/\/www.gnosisxxi.mx\/es\/#website"},"datePublished":"2019-12-19T01:25:43+00:00","dateModified":"2026-04-16T06:13:52+00:00","author":{"@id":"https:\/\/www.gnosisxxi.mx\/es\/#\/schema\/person\/d6c9a151f6e26a58c07293c0426c4ec0"},"breadcrumb":{"@id":"https:\/\/www.gnosisxxi.mx\/es\/equidad-de-genero-y-la-educacion-superior\/#breadcrumb"},"inLanguage":"es","potentialAction":[{"@type":"ReadAction","target":["https:\/\/www.gnosisxxi.mx\/es\/equidad-de-genero-y-la-educacion-superior\/"]}]},{"@type":"BreadcrumbList","@id":"https:\/\/www.gnosisxxi.mx\/es\/equidad-de-genero-y-la-educacion-superior\/#breadcrumb","itemListElement":[{"@type":"ListItem","position":1,"name":"Inicio","item":"https:\/\/www.gnosisxxi.mx\/es\/"},{"@type":"ListItem","position":2,"name":"Equidad de g\u00e9nero y la Educaci\u00f3n Superior."}]},{"@type":"WebSite","@id":"https:\/\/www.gnosisxxi.mx\/es\/#website","url":"https:\/\/www.gnosisxxi.mx\/es\/","name":"Gnosis XXI","description":"Gnosis XXI aplicando el conocimiento y construyendo redes de apoyo para acompa\u00f1ar a las empresas y gobiernos a lograr el \u00e9xito en su prop\u00f3sito con eficiencia y efectividad.","potentialAction":[{"@type":"SearchAction","target":{"@type":"EntryPoint","urlTemplate":"https:\/\/www.gnosisxxi.mx\/es\/?s={search_term_string}"},"query-input":{"@type":"PropertyValueSpecification","valueRequired":true,"valueName":"search_term_string"}}],"inLanguage":"es"},{"@type":"Person","@id":"https:\/\/www.gnosisxxi.mx\/es\/#\/schema\/person\/d6c9a151f6e26a58c07293c0426c4ec0","name":"Adriana Maldonado Jim\u00e9nez, MBA, MSc","pronouns":"she\/her","image":{"@type":"ImageObject","inLanguage":"es","@id":"https:\/\/secure.gravatar.com\/avatar\/88fef5c9b059fe9f088526b4e13574c1a31a62be3e6f1f387935ffe2dab72766?s=96&d=mm&r=g","url":"https:\/\/secure.gravatar.com\/avatar\/88fef5c9b059fe9f088526b4e13574c1a31a62be3e6f1f387935ffe2dab72766?s=96&d=mm&r=g","contentUrl":"https:\/\/secure.gravatar.com\/avatar\/88fef5c9b059fe9f088526b4e13574c1a31a62be3e6f1f387935ffe2dab72766?s=96&d=mm&r=g","caption":"Adriana Maldonado Jim\u00e9nez, MBA, MSc"},"sameAs":["https:\/\/www.gnosisxxi.mx","https:\/\/www.linkedin.com\/in\/adriana-maldonado-jimnez-40b708b0\/"],"url":"https:\/\/www.gnosisxxi.mx\/es\/autor\/mtra-adriana-maldonado-jimenez-mba\/"}]}},"_links":{"self":[{"href":"https:\/\/www.gnosisxxi.mx\/es\/wp-json\/wp\/v2\/posts\/821","targetHints":{"allow":["GET"]}}],"collection":[{"href":"https:\/\/www.gnosisxxi.mx\/es\/wp-json\/wp\/v2\/posts"}],"about":[{"href":"https:\/\/www.gnosisxxi.mx\/es\/wp-json\/wp\/v2\/types\/post"}],"author":[{"embeddable":true,"href":"https:\/\/www.gnosisxxi.mx\/es\/wp-json\/wp\/v2\/users\/3"}],"replies":[{"embeddable":true,"href":"https:\/\/www.gnosisxxi.mx\/es\/wp-json\/wp\/v2\/comments?post=821"}],"version-history":[{"count":6,"href":"https:\/\/www.gnosisxxi.mx\/es\/wp-json\/wp\/v2\/posts\/821\/revisions"}],"predecessor-version":[{"id":830,"href":"https:\/\/www.gnosisxxi.mx\/es\/wp-json\/wp\/v2\/posts\/821\/revisions\/830"}],"wp:attachment":[{"href":"https:\/\/www.gnosisxxi.mx\/es\/wp-json\/wp\/v2\/media?parent=821"}],"wp:term":[{"taxonomy":"category","embeddable":true,"href":"https:\/\/www.gnosisxxi.mx\/es\/wp-json\/wp\/v2\/categories?post=821"},{"taxonomy":"post_tag","embeddable":true,"href":"https:\/\/www.gnosisxxi.mx\/es\/wp-json\/wp\/v2\/tags?post=821"}],"curies":[{"name":"wp","href":"https:\/\/api.w.org\/{rel}","templated":true}]}}