{"id":703,"date":"2019-11-14T14:58:23","date_gmt":"2019-11-14T20:58:23","guid":{"rendered":"http:\/\/www.gnosisxxi.mx\/?p=703"},"modified":"2026-04-16T00:13:53","modified_gmt":"2026-04-16T06:13:53","slug":"el-periodo-para-aplicar-a-la-beca-chevening-ha-finalizado","status":"publish","type":"post","link":"https:\/\/www.gnosisxxi.mx\/es\/el-periodo-para-aplicar-a-la-beca-chevening-ha-finalizado\/","title":{"rendered":"El periodo para aplicar a la beca Chevening ha finalizado."},"content":{"rendered":"<p>El periodo para aplicar a la Beca de Liderazgo Chevening ha finalizado. Mucha suerte a todos los que est\u00e1n en este proceso!<\/p>\n","protected":false},"excerpt":{"rendered":"<p>El periodo para aplicar a la Beca de Liderazgo Chevening ha finalizado. Mucha suerte a todos los que est\u00e1n en este proceso!<\/p>\n","protected":false},"author":3,"featured_media":0,"comment_status":"open","ping_status":"open","sticky":false,"template":"","format":"standard","meta":{"footnotes":""},"categories":[16],"tags":[],"class_list":["post-703","post","type-post","status-publish","format-standard","hentry","category-entorno-global"],"yoast_head":"<!-- This site is optimized with the Yoast SEO plugin v27.4 - https:\/\/yoast.com\/product\/yoast-seo-wordpress\/ -->\n<title>El periodo para aplicar a la beca Chevening ha finalizado. - Gnosis XXI<\/title>\n<meta name=\"robots\" content=\"index, follow, max-snippet:-1, max-image-preview:large, max-video-preview:-1\" \/>\n<link rel=\"canonical\" href=\"https:\/\/www.gnosisxxi.mx\/es\/el-periodo-para-aplicar-a-la-beca-chevening-ha-finalizado\/\" \/>\n<meta property=\"og:locale\" content=\"es_MX\" \/>\n<meta property=\"og:type\" content=\"article\" \/>\n<meta property=\"og:title\" content=\"El periodo para aplicar a la beca Chevening ha finalizado. - Gnosis XXI\" \/>\n<meta property=\"og:description\" content=\"El periodo para aplicar a la Beca de Liderazgo Chevening ha finalizado. Mucha suerte a todos los que est\u00e1n en este proceso!\" \/>\n<meta property=\"og:url\" content=\"https:\/\/www.gnosisxxi.mx\/es\/el-periodo-para-aplicar-a-la-beca-chevening-ha-finalizado\/\" \/>\n<meta property=\"og:site_name\" content=\"Gnosis XXI\" \/>\n<meta property=\"article:published_time\" content=\"2019-11-14T20:58:23+00:00\" \/>\n<meta property=\"article:modified_time\" content=\"2026-04-16T06:13:53+00:00\" \/>\n<meta name=\"author\" content=\"Adriana Maldonado Jim\u00e9nez, MBA, MSc\" \/>\n<meta name=\"twitter:card\" content=\"summary_large_image\" \/>\n<meta name=\"twitter:label1\" content=\"Escrito por\" \/>\n\t<meta name=\"twitter:data1\" content=\"Mtra. Adriana Maldonado Jim\u00e9nez, MBA\" \/>\n<script type=\"application\/ld+json\" class=\"yoast-schema-graph\">{\"@context\":\"https:\\\/\\\/schema.org\",\"@graph\":[{\"@type\":\"Article\",\"@id\":\"https:\\\/\\\/www.gnosisxxi.mx\\\/es\\\/el-periodo-para-aplicar-a-la-beca-chevening-ha-finalizado\\\/#article\",\"isPartOf\":{\"@id\":\"https:\\\/\\\/www.gnosisxxi.mx\\\/es\\\/el-periodo-para-aplicar-a-la-beca-chevening-ha-finalizado\\\/\"},\"author\":{\"name\":\"Adriana Maldonado Jim\u00e9nez, MBA, MSc\",\"@id\":\"https:\\\/\\\/www.gnosisxxi.mx\\\/es\\\/#\\\/schema\\\/person\\\/d6c9a151f6e26a58c07293c0426c4ec0\"},\"headline\":\"El periodo para aplicar a la beca Chevening ha finalizado.\",\"datePublished\":\"2019-11-14T20:58:23+00:00\",\"dateModified\":\"2026-04-16T06:13:53+00:00\",\"mainEntityOfPage\":{\"@id\":\"https:\\\/\\\/www.gnosisxxi.mx\\\/es\\\/el-periodo-para-aplicar-a-la-beca-chevening-ha-finalizado\\\/\"},\"wordCount\":33,\"commentCount\":0,\"articleSection\":[\"Entorno global\"],\"inLanguage\":\"es\",\"potentialAction\":[{\"@type\":\"CommentAction\",\"name\":\"Comment\",\"target\":[\"https:\\\/\\\/www.gnosisxxi.mx\\\/es\\\/el-periodo-para-aplicar-a-la-beca-chevening-ha-finalizado\\\/#respond\"]}]},{\"@type\":\"WebPage\",\"@id\":\"https:\\\/\\\/www.gnosisxxi.mx\\\/es\\\/el-periodo-para-aplicar-a-la-beca-chevening-ha-finalizado\\\/\",\"url\":\"https:\\\/\\\/www.gnosisxxi.mx\\\/es\\\/el-periodo-para-aplicar-a-la-beca-chevening-ha-finalizado\\\/\",\"name\":\"El periodo para aplicar a la beca Chevening ha finalizado. - Gnosis XXI\",\"isPartOf\":{\"@id\":\"https:\\\/\\\/www.gnosisxxi.mx\\\/es\\\/#website\"},\"datePublished\":\"2019-11-14T20:58:23+00:00\",\"dateModified\":\"2026-04-16T06:13:53+00:00\",\"author\":{\"@id\":\"https:\\\/\\\/www.gnosisxxi.mx\\\/es\\\/#\\\/schema\\\/person\\\/d6c9a151f6e26a58c07293c0426c4ec0\"},\"breadcrumb\":{\"@id\":\"https:\\\/\\\/www.gnosisxxi.mx\\\/es\\\/el-periodo-para-aplicar-a-la-beca-chevening-ha-finalizado\\\/#breadcrumb\"},\"inLanguage\":\"es\",\"potentialAction\":[{\"@type\":\"ReadAction\",\"target\":[\"https:\\\/\\\/www.gnosisxxi.mx\\\/es\\\/el-periodo-para-aplicar-a-la-beca-chevening-ha-finalizado\\\/\"]}]},{\"@type\":\"BreadcrumbList\",\"@id\":\"https:\\\/\\\/www.gnosisxxi.mx\\\/es\\\/el-periodo-para-aplicar-a-la-beca-chevening-ha-finalizado\\\/#breadcrumb\",\"itemListElement\":[{\"@type\":\"ListItem\",\"position\":1,\"name\":\"Inicio\",\"item\":\"https:\\\/\\\/www.gnosisxxi.mx\\\/es\\\/\"},{\"@type\":\"ListItem\",\"position\":2,\"name\":\"El periodo para aplicar a la beca Chevening ha finalizado.\"}]},{\"@type\":\"WebSite\",\"@id\":\"https:\\\/\\\/www.gnosisxxi.mx\\\/es\\\/#website\",\"url\":\"https:\\\/\\\/www.gnosisxxi.mx\\\/es\\\/\",\"name\":\"Gnosis XXI\",\"description\":\"Gnosis XXI aplicando el conocimiento y construyendo redes de apoyo para acompa\u00f1ar a las empresas y gobiernos a lograr el \u00e9xito en su prop\u00f3sito con eficiencia y efectividad.\",\"potentialAction\":[{\"@type\":\"SearchAction\",\"target\":{\"@type\":\"EntryPoint\",\"urlTemplate\":\"https:\\\/\\\/www.gnosisxxi.mx\\\/es\\\/?s={search_term_string}\"},\"query-input\":{\"@type\":\"PropertyValueSpecification\",\"valueRequired\":true,\"valueName\":\"search_term_string\"}}],\"inLanguage\":\"es\"},{\"@type\":\"Person\",\"@id\":\"https:\\\/\\\/www.gnosisxxi.mx\\\/es\\\/#\\\/schema\\\/person\\\/d6c9a151f6e26a58c07293c0426c4ec0\",\"name\":\"Adriana Maldonado Jim\u00e9nez, MBA, MSc\",\"pronouns\":\"she\\\/her\",\"image\":{\"@type\":\"ImageObject\",\"inLanguage\":\"es\",\"@id\":\"https:\\\/\\\/secure.gravatar.com\\\/avatar\\\/88fef5c9b059fe9f088526b4e13574c1a31a62be3e6f1f387935ffe2dab72766?s=96&d=mm&r=g\",\"url\":\"https:\\\/\\\/secure.gravatar.com\\\/avatar\\\/88fef5c9b059fe9f088526b4e13574c1a31a62be3e6f1f387935ffe2dab72766?s=96&d=mm&r=g\",\"contentUrl\":\"https:\\\/\\\/secure.gravatar.com\\\/avatar\\\/88fef5c9b059fe9f088526b4e13574c1a31a62be3e6f1f387935ffe2dab72766?s=96&d=mm&r=g\",\"caption\":\"Adriana Maldonado Jim\u00e9nez, MBA, MSc\"},\"sameAs\":[\"https:\\\/\\\/www.gnosisxxi.mx\",\"https:\\\/\\\/www.linkedin.com\\\/in\\\/adriana-maldonado-jimnez-40b708b0\\\/\"],\"url\":\"https:\\\/\\\/www.gnosisxxi.mx\\\/es\\\/autor\\\/mtra-adriana-maldonado-jimenez-mba\\\/\"}]}<\/script>\n<!-- \/ Yoast SEO plugin. -->","yoast_head_json":{"title":"El periodo para aplicar a la beca Chevening ha finalizado. - Gnosis XXI","robots":{"index":"index","follow":"follow","max-snippet":"max-snippet:-1","max-image-preview":"max-image-preview:large","max-video-preview":"max-video-preview:-1"},"canonical":"https:\/\/www.gnosisxxi.mx\/es\/el-periodo-para-aplicar-a-la-beca-chevening-ha-finalizado\/","og_locale":"es_MX","og_type":"article","og_title":"El periodo para aplicar a la beca Chevening ha finalizado. - Gnosis XXI","og_description":"El periodo para aplicar a la Beca de Liderazgo Chevening ha finalizado. Mucha suerte a todos los que est\u00e1n en este proceso!","og_url":"https:\/\/www.gnosisxxi.mx\/es\/el-periodo-para-aplicar-a-la-beca-chevening-ha-finalizado\/","og_site_name":"Gnosis XXI","article_published_time":"2019-11-14T20:58:23+00:00","article_modified_time":"2026-04-16T06:13:53+00:00","author":"Adriana Maldonado Jim\u00e9nez, MBA, MSc","twitter_card":"summary_large_image","twitter_misc":{"Escrito por":"Mtra. Adriana Maldonado Jim\u00e9nez, MBA"},"schema":{"@context":"https:\/\/schema.org","@graph":[{"@type":"Article","@id":"https:\/\/www.gnosisxxi.mx\/es\/el-periodo-para-aplicar-a-la-beca-chevening-ha-finalizado\/#article","isPartOf":{"@id":"https:\/\/www.gnosisxxi.mx\/es\/el-periodo-para-aplicar-a-la-beca-chevening-ha-finalizado\/"},"author":{"name":"Adriana Maldonado Jim\u00e9nez, MBA, MSc","@id":"https:\/\/www.gnosisxxi.mx\/es\/#\/schema\/person\/d6c9a151f6e26a58c07293c0426c4ec0"},"headline":"El periodo para aplicar a la beca Chevening ha finalizado.","datePublished":"2019-11-14T20:58:23+00:00","dateModified":"2026-04-16T06:13:53+00:00","mainEntityOfPage":{"@id":"https:\/\/www.gnosisxxi.mx\/es\/el-periodo-para-aplicar-a-la-beca-chevening-ha-finalizado\/"},"wordCount":33,"commentCount":0,"articleSection":["Entorno global"],"inLanguage":"es","potentialAction":[{"@type":"CommentAction","name":"Comment","target":["https:\/\/www.gnosisxxi.mx\/es\/el-periodo-para-aplicar-a-la-beca-chevening-ha-finalizado\/#respond"]}]},{"@type":"WebPage","@id":"https:\/\/www.gnosisxxi.mx\/es\/el-periodo-para-aplicar-a-la-beca-chevening-ha-finalizado\/","url":"https:\/\/www.gnosisxxi.mx\/es\/el-periodo-para-aplicar-a-la-beca-chevening-ha-finalizado\/","name":"El periodo para aplicar a la beca Chevening ha finalizado. - Gnosis XXI","isPartOf":{"@id":"https:\/\/www.gnosisxxi.mx\/es\/#website"},"datePublished":"2019-11-14T20:58:23+00:00","dateModified":"2026-04-16T06:13:53+00:00","author":{"@id":"https:\/\/www.gnosisxxi.mx\/es\/#\/schema\/person\/d6c9a151f6e26a58c07293c0426c4ec0"},"breadcrumb":{"@id":"https:\/\/www.gnosisxxi.mx\/es\/el-periodo-para-aplicar-a-la-beca-chevening-ha-finalizado\/#breadcrumb"},"inLanguage":"es","potentialAction":[{"@type":"ReadAction","target":["https:\/\/www.gnosisxxi.mx\/es\/el-periodo-para-aplicar-a-la-beca-chevening-ha-finalizado\/"]}]},{"@type":"BreadcrumbList","@id":"https:\/\/www.gnosisxxi.mx\/es\/el-periodo-para-aplicar-a-la-beca-chevening-ha-finalizado\/#breadcrumb","itemListElement":[{"@type":"ListItem","position":1,"name":"Inicio","item":"https:\/\/www.gnosisxxi.mx\/es\/"},{"@type":"ListItem","position":2,"name":"El periodo para aplicar a la beca Chevening ha finalizado."}]},{"@type":"WebSite","@id":"https:\/\/www.gnosisxxi.mx\/es\/#website","url":"https:\/\/www.gnosisxxi.mx\/es\/","name":"Gnosis XXI","description":"Gnosis XXI aplicando el conocimiento y construyendo redes de apoyo para acompa\u00f1ar a las empresas y gobiernos a lograr el \u00e9xito en su prop\u00f3sito con eficiencia y efectividad.","potentialAction":[{"@type":"SearchAction","target":{"@type":"EntryPoint","urlTemplate":"https:\/\/www.gnosisxxi.mx\/es\/?s={search_term_string}"},"query-input":{"@type":"PropertyValueSpecification","valueRequired":true,"valueName":"search_term_string"}}],"inLanguage":"es"},{"@type":"Person","@id":"https:\/\/www.gnosisxxi.mx\/es\/#\/schema\/person\/d6c9a151f6e26a58c07293c0426c4ec0","name":"Adriana Maldonado Jim\u00e9nez, MBA, MSc","pronouns":"she\/her","image":{"@type":"ImageObject","inLanguage":"es","@id":"https:\/\/secure.gravatar.com\/avatar\/88fef5c9b059fe9f088526b4e13574c1a31a62be3e6f1f387935ffe2dab72766?s=96&d=mm&r=g","url":"https:\/\/secure.gravatar.com\/avatar\/88fef5c9b059fe9f088526b4e13574c1a31a62be3e6f1f387935ffe2dab72766?s=96&d=mm&r=g","contentUrl":"https:\/\/secure.gravatar.com\/avatar\/88fef5c9b059fe9f088526b4e13574c1a31a62be3e6f1f387935ffe2dab72766?s=96&d=mm&r=g","caption":"Adriana Maldonado Jim\u00e9nez, MBA, MSc"},"sameAs":["https:\/\/www.gnosisxxi.mx","https:\/\/www.linkedin.com\/in\/adriana-maldonado-jimnez-40b708b0\/"],"url":"https:\/\/www.gnosisxxi.mx\/es\/autor\/mtra-adriana-maldonado-jimenez-mba\/"}]}},"_links":{"self":[{"href":"https:\/\/www.gnosisxxi.mx\/es\/wp-json\/wp\/v2\/posts\/703","targetHints":{"allow":["GET"]}}],"collection":[{"href":"https:\/\/www.gnosisxxi.mx\/es\/wp-json\/wp\/v2\/posts"}],"about":[{"href":"https:\/\/www.gnosisxxi.mx\/es\/wp-json\/wp\/v2\/types\/post"}],"author":[{"embeddable":true,"href":"https:\/\/www.gnosisxxi.mx\/es\/wp-json\/wp\/v2\/users\/3"}],"replies":[{"embeddable":true,"href":"https:\/\/www.gnosisxxi.mx\/es\/wp-json\/wp\/v2\/comments?post=703"}],"version-history":[{"count":1,"href":"https:\/\/www.gnosisxxi.mx\/es\/wp-json\/wp\/v2\/posts\/703\/revisions"}],"predecessor-version":[{"id":704,"href":"https:\/\/www.gnosisxxi.mx\/es\/wp-json\/wp\/v2\/posts\/703\/revisions\/704"}],"wp:attachment":[{"href":"https:\/\/www.gnosisxxi.mx\/es\/wp-json\/wp\/v2\/media?parent=703"}],"wp:term":[{"taxonomy":"category","embeddable":true,"href":"https:\/\/www.gnosisxxi.mx\/es\/wp-json\/wp\/v2\/categories?post=703"},{"taxonomy":"post_tag","embeddable":true,"href":"https:\/\/www.gnosisxxi.mx\/es\/wp-json\/wp\/v2\/tags?post=703"}],"curies":[{"name":"wp","href":"https:\/\/api.w.org\/{rel}","templated":true}]}}