{"id":673,"date":"2019-10-21T21:53:08","date_gmt":"2019-10-22T02:53:08","guid":{"rendered":"http:\/\/www.gnosisxxi.mx\/?p=673"},"modified":"2026-04-16T00:13:53","modified_gmt":"2026-04-16T06:13:53","slug":"es-tiempo-de-actuar","status":"publish","type":"post","link":"https:\/\/www.gnosisxxi.mx\/es\/es-tiempo-de-actuar\/","title":{"rendered":"Es tiempo de actuar"},"content":{"rendered":"<p>Este mensaje es una invitaci\u00f3n personal a tomar un momento para reflexionar y pensar y ver todo el panorama&#8230; los hechos recientes en Culiac\u00e1n y otras partes de M\u00e9xico&#8230;los hechos recientes en Chile y otros pa\u00edses en Am\u00e9rica Latina&#8230; todo sucediendo al mismo tiempo.<\/p>\n<p>Tenemos diferentes perfiles y expertise, lo que nos hace muy poderosos en conocimiento, capacidades y habilidades, lo suficientemente buenas para que grandes impactos sean posible en cada uno de nuestros pa\u00edses y nuestras comunidades.<\/p>\n<p>Los hechos de esta semana son por las diferencias sociales en crecimiento, gente que tiene mucho y gente que no tiene nada. Podemos encontrar infinidad de razones y argumentos sobre el origen de esas diferencias. Sin embargo, los argumentos no son suficientes para hacer que esta brecha deje de crecer. Nosotros hemos demostrado solidaridad en condiciones dif\u00edciles: terremotos, inundaciones, etc.<\/p>\n<p>Cada uno de ustedes conoce lo que pasa en sus cercan\u00edas, en sus colonias, en sus comunidades, en sus estados, en sus regiones&#8230; con gente que conocen y con aquellos que no conocen. Tomemos un momento para ver&#8230;para observar&#8230;para escuchar&#8230; y construyamos una vision de lo que realmente queremos ver, escuchar y observar. La gente que vive en condiciones de vulnerabilidad est\u00e1n en todos los lugares y es muy posible que est\u00e9n m\u00e1s cerca de lo que ustedes puedan pensar.\u00a0 No es necesario viajar o hacer grandes esfuerzos para empezar; un peque\u00f1o apoyo o\u00a0 ayuda es un maravilloso comienzo. Tampoco es necesario tener muchos recursos para hacer la diferencia&#8230; tu conocimiento y tu tiempo es m\u00e1s que suficiente para comenzar&#8230;<\/p>\n<p>Tu sabras cu\u00e1l es la mejor estrategia para enfrentar cada situaci\u00f3n que observes. Una vez que la tengas en tu mente&#8230;m\u00edrala como una pieza de rompecabezas&#8230;el gran panorama (The big picture)&#8230; y Act\u00faa!<\/p>\n<p>Tenemos habilidades&#8230;es tiempo de actuar como l\u00edderes!<\/p>\n<p>&nbsp;<\/p>\n<p>&nbsp;<\/p>\n","protected":false},"excerpt":{"rendered":"<p>Este mensaje es una invitaci\u00f3n personal a tomar un momento para reflexionar y pensar y ver todo el panorama&#8230; los hechos recientes en Culiac\u00e1n y otras partes de M\u00e9xico&#8230;los hechos recientes en Chile y otros pa\u00edses en Am\u00e9rica Latina&#8230; todo sucediendo al mismo tiempo. Tenemos diferentes perfiles y expertise, lo que nos hace muy poderosos [&hellip;]<\/p>\n","protected":false},"author":3,"featured_media":0,"comment_status":"open","ping_status":"open","sticky":false,"template":"","format":"standard","meta":{"footnotes":""},"categories":[17],"tags":[],"class_list":["post-673","post","type-post","status-publish","format-standard","hentry","category-liderazgo"],"yoast_head":"<!-- This site is optimized with the Yoast SEO plugin v27.4 - https:\/\/yoast.com\/product\/yoast-seo-wordpress\/ -->\n<title>Es tiempo de actuar - Gnosis XXI<\/title>\n<meta name=\"robots\" content=\"index, follow, max-snippet:-1, max-image-preview:large, max-video-preview:-1\" \/>\n<link rel=\"canonical\" href=\"https:\/\/www.gnosisxxi.mx\/es\/es-tiempo-de-actuar\/\" \/>\n<meta property=\"og:locale\" content=\"es_MX\" \/>\n<meta property=\"og:type\" content=\"article\" \/>\n<meta property=\"og:title\" content=\"Es tiempo de actuar - Gnosis XXI\" \/>\n<meta property=\"og:description\" content=\"Este mensaje es una invitaci\u00f3n personal a tomar un momento para reflexionar y pensar y ver todo el panorama&#8230; los hechos recientes en Culiac\u00e1n y otras partes de M\u00e9xico&#8230;los hechos recientes en Chile y otros pa\u00edses en Am\u00e9rica Latina&#8230; todo sucediendo al mismo tiempo. Tenemos diferentes perfiles y expertise, lo que nos hace muy poderosos [&hellip;]\" \/>\n<meta property=\"og:url\" content=\"https:\/\/www.gnosisxxi.mx\/es\/es-tiempo-de-actuar\/\" \/>\n<meta property=\"og:site_name\" content=\"Gnosis XXI\" \/>\n<meta property=\"article:published_time\" content=\"2019-10-22T02:53:08+00:00\" \/>\n<meta property=\"article:modified_time\" content=\"2026-04-16T06:13:53+00:00\" \/>\n<meta name=\"author\" content=\"Adriana Maldonado Jim\u00e9nez, MBA, MSc\" \/>\n<meta name=\"twitter:card\" content=\"summary_large_image\" \/>\n<meta name=\"twitter:label1\" content=\"Escrito por\" \/>\n\t<meta name=\"twitter:data1\" content=\"Mtra. Adriana Maldonado Jim\u00e9nez, MBA\" \/>\n\t<meta name=\"twitter:label2\" content=\"Tiempo de lectura\" \/>\n\t<meta name=\"twitter:data2\" content=\"2 minutos\" \/>\n<script type=\"application\/ld+json\" class=\"yoast-schema-graph\">{\"@context\":\"https:\\\/\\\/schema.org\",\"@graph\":[{\"@type\":\"Article\",\"@id\":\"https:\\\/\\\/www.gnosisxxi.mx\\\/es\\\/es-tiempo-de-actuar\\\/#article\",\"isPartOf\":{\"@id\":\"https:\\\/\\\/www.gnosisxxi.mx\\\/es\\\/es-tiempo-de-actuar\\\/\"},\"author\":{\"name\":\"Adriana Maldonado Jim\u00e9nez, MBA, MSc\",\"@id\":\"https:\\\/\\\/www.gnosisxxi.mx\\\/es\\\/#\\\/schema\\\/person\\\/d6c9a151f6e26a58c07293c0426c4ec0\"},\"headline\":\"Es tiempo de actuar\",\"datePublished\":\"2019-10-22T02:53:08+00:00\",\"dateModified\":\"2026-04-16T06:13:53+00:00\",\"mainEntityOfPage\":{\"@id\":\"https:\\\/\\\/www.gnosisxxi.mx\\\/es\\\/es-tiempo-de-actuar\\\/\"},\"wordCount\":328,\"commentCount\":1,\"articleSection\":[\"Liderazgo\"],\"inLanguage\":\"es\",\"potentialAction\":[{\"@type\":\"CommentAction\",\"name\":\"Comment\",\"target\":[\"https:\\\/\\\/www.gnosisxxi.mx\\\/es\\\/es-tiempo-de-actuar\\\/#respond\"]}]},{\"@type\":\"WebPage\",\"@id\":\"https:\\\/\\\/www.gnosisxxi.mx\\\/es\\\/es-tiempo-de-actuar\\\/\",\"url\":\"https:\\\/\\\/www.gnosisxxi.mx\\\/es\\\/es-tiempo-de-actuar\\\/\",\"name\":\"Es tiempo de actuar - Gnosis XXI\",\"isPartOf\":{\"@id\":\"https:\\\/\\\/www.gnosisxxi.mx\\\/es\\\/#website\"},\"datePublished\":\"2019-10-22T02:53:08+00:00\",\"dateModified\":\"2026-04-16T06:13:53+00:00\",\"author\":{\"@id\":\"https:\\\/\\\/www.gnosisxxi.mx\\\/es\\\/#\\\/schema\\\/person\\\/d6c9a151f6e26a58c07293c0426c4ec0\"},\"breadcrumb\":{\"@id\":\"https:\\\/\\\/www.gnosisxxi.mx\\\/es\\\/es-tiempo-de-actuar\\\/#breadcrumb\"},\"inLanguage\":\"es\",\"potentialAction\":[{\"@type\":\"ReadAction\",\"target\":[\"https:\\\/\\\/www.gnosisxxi.mx\\\/es\\\/es-tiempo-de-actuar\\\/\"]}]},{\"@type\":\"BreadcrumbList\",\"@id\":\"https:\\\/\\\/www.gnosisxxi.mx\\\/es\\\/es-tiempo-de-actuar\\\/#breadcrumb\",\"itemListElement\":[{\"@type\":\"ListItem\",\"position\":1,\"name\":\"Inicio\",\"item\":\"https:\\\/\\\/www.gnosisxxi.mx\\\/es\\\/\"},{\"@type\":\"ListItem\",\"position\":2,\"name\":\"Es tiempo de actuar\"}]},{\"@type\":\"WebSite\",\"@id\":\"https:\\\/\\\/www.gnosisxxi.mx\\\/es\\\/#website\",\"url\":\"https:\\\/\\\/www.gnosisxxi.mx\\\/es\\\/\",\"name\":\"Gnosis XXI\",\"description\":\"Gnosis XXI aplicando el conocimiento y construyendo redes de apoyo para acompa\u00f1ar a las empresas y gobiernos a lograr el \u00e9xito en su prop\u00f3sito con eficiencia y efectividad.\",\"potentialAction\":[{\"@type\":\"SearchAction\",\"target\":{\"@type\":\"EntryPoint\",\"urlTemplate\":\"https:\\\/\\\/www.gnosisxxi.mx\\\/es\\\/?s={search_term_string}\"},\"query-input\":{\"@type\":\"PropertyValueSpecification\",\"valueRequired\":true,\"valueName\":\"search_term_string\"}}],\"inLanguage\":\"es\"},{\"@type\":\"Person\",\"@id\":\"https:\\\/\\\/www.gnosisxxi.mx\\\/es\\\/#\\\/schema\\\/person\\\/d6c9a151f6e26a58c07293c0426c4ec0\",\"name\":\"Adriana Maldonado Jim\u00e9nez, MBA, MSc\",\"pronouns\":\"she\\\/her\",\"image\":{\"@type\":\"ImageObject\",\"inLanguage\":\"es\",\"@id\":\"https:\\\/\\\/secure.gravatar.com\\\/avatar\\\/88fef5c9b059fe9f088526b4e13574c1a31a62be3e6f1f387935ffe2dab72766?s=96&d=mm&r=g\",\"url\":\"https:\\\/\\\/secure.gravatar.com\\\/avatar\\\/88fef5c9b059fe9f088526b4e13574c1a31a62be3e6f1f387935ffe2dab72766?s=96&d=mm&r=g\",\"contentUrl\":\"https:\\\/\\\/secure.gravatar.com\\\/avatar\\\/88fef5c9b059fe9f088526b4e13574c1a31a62be3e6f1f387935ffe2dab72766?s=96&d=mm&r=g\",\"caption\":\"Adriana Maldonado Jim\u00e9nez, MBA, MSc\"},\"sameAs\":[\"https:\\\/\\\/www.gnosisxxi.mx\",\"https:\\\/\\\/www.linkedin.com\\\/in\\\/adriana-maldonado-jimnez-40b708b0\\\/\"],\"url\":\"https:\\\/\\\/www.gnosisxxi.mx\\\/es\\\/autor\\\/mtra-adriana-maldonado-jimenez-mba\\\/\"}]}<\/script>\n<!-- \/ Yoast SEO plugin. -->","yoast_head_json":{"title":"Es tiempo de actuar - Gnosis XXI","robots":{"index":"index","follow":"follow","max-snippet":"max-snippet:-1","max-image-preview":"max-image-preview:large","max-video-preview":"max-video-preview:-1"},"canonical":"https:\/\/www.gnosisxxi.mx\/es\/es-tiempo-de-actuar\/","og_locale":"es_MX","og_type":"article","og_title":"Es tiempo de actuar - Gnosis XXI","og_description":"Este mensaje es una invitaci\u00f3n personal a tomar un momento para reflexionar y pensar y ver todo el panorama&#8230; los hechos recientes en Culiac\u00e1n y otras partes de M\u00e9xico&#8230;los hechos recientes en Chile y otros pa\u00edses en Am\u00e9rica Latina&#8230; todo sucediendo al mismo tiempo. Tenemos diferentes perfiles y expertise, lo que nos hace muy poderosos [&hellip;]","og_url":"https:\/\/www.gnosisxxi.mx\/es\/es-tiempo-de-actuar\/","og_site_name":"Gnosis XXI","article_published_time":"2019-10-22T02:53:08+00:00","article_modified_time":"2026-04-16T06:13:53+00:00","author":"Adriana Maldonado Jim\u00e9nez, MBA, MSc","twitter_card":"summary_large_image","twitter_misc":{"Escrito por":"Mtra. Adriana Maldonado Jim\u00e9nez, MBA","Tiempo de lectura":"2 minutos"},"schema":{"@context":"https:\/\/schema.org","@graph":[{"@type":"Article","@id":"https:\/\/www.gnosisxxi.mx\/es\/es-tiempo-de-actuar\/#article","isPartOf":{"@id":"https:\/\/www.gnosisxxi.mx\/es\/es-tiempo-de-actuar\/"},"author":{"name":"Adriana Maldonado Jim\u00e9nez, MBA, MSc","@id":"https:\/\/www.gnosisxxi.mx\/es\/#\/schema\/person\/d6c9a151f6e26a58c07293c0426c4ec0"},"headline":"Es tiempo de actuar","datePublished":"2019-10-22T02:53:08+00:00","dateModified":"2026-04-16T06:13:53+00:00","mainEntityOfPage":{"@id":"https:\/\/www.gnosisxxi.mx\/es\/es-tiempo-de-actuar\/"},"wordCount":328,"commentCount":1,"articleSection":["Liderazgo"],"inLanguage":"es","potentialAction":[{"@type":"CommentAction","name":"Comment","target":["https:\/\/www.gnosisxxi.mx\/es\/es-tiempo-de-actuar\/#respond"]}]},{"@type":"WebPage","@id":"https:\/\/www.gnosisxxi.mx\/es\/es-tiempo-de-actuar\/","url":"https:\/\/www.gnosisxxi.mx\/es\/es-tiempo-de-actuar\/","name":"Es tiempo de actuar - Gnosis XXI","isPartOf":{"@id":"https:\/\/www.gnosisxxi.mx\/es\/#website"},"datePublished":"2019-10-22T02:53:08+00:00","dateModified":"2026-04-16T06:13:53+00:00","author":{"@id":"https:\/\/www.gnosisxxi.mx\/es\/#\/schema\/person\/d6c9a151f6e26a58c07293c0426c4ec0"},"breadcrumb":{"@id":"https:\/\/www.gnosisxxi.mx\/es\/es-tiempo-de-actuar\/#breadcrumb"},"inLanguage":"es","potentialAction":[{"@type":"ReadAction","target":["https:\/\/www.gnosisxxi.mx\/es\/es-tiempo-de-actuar\/"]}]},{"@type":"BreadcrumbList","@id":"https:\/\/www.gnosisxxi.mx\/es\/es-tiempo-de-actuar\/#breadcrumb","itemListElement":[{"@type":"ListItem","position":1,"name":"Inicio","item":"https:\/\/www.gnosisxxi.mx\/es\/"},{"@type":"ListItem","position":2,"name":"Es tiempo de actuar"}]},{"@type":"WebSite","@id":"https:\/\/www.gnosisxxi.mx\/es\/#website","url":"https:\/\/www.gnosisxxi.mx\/es\/","name":"Gnosis XXI","description":"Gnosis XXI aplicando el conocimiento y construyendo redes de apoyo para acompa\u00f1ar a las empresas y gobiernos a lograr el \u00e9xito en su prop\u00f3sito con eficiencia y efectividad.","potentialAction":[{"@type":"SearchAction","target":{"@type":"EntryPoint","urlTemplate":"https:\/\/www.gnosisxxi.mx\/es\/?s={search_term_string}"},"query-input":{"@type":"PropertyValueSpecification","valueRequired":true,"valueName":"search_term_string"}}],"inLanguage":"es"},{"@type":"Person","@id":"https:\/\/www.gnosisxxi.mx\/es\/#\/schema\/person\/d6c9a151f6e26a58c07293c0426c4ec0","name":"Adriana Maldonado Jim\u00e9nez, MBA, MSc","pronouns":"she\/her","image":{"@type":"ImageObject","inLanguage":"es","@id":"https:\/\/secure.gravatar.com\/avatar\/88fef5c9b059fe9f088526b4e13574c1a31a62be3e6f1f387935ffe2dab72766?s=96&d=mm&r=g","url":"https:\/\/secure.gravatar.com\/avatar\/88fef5c9b059fe9f088526b4e13574c1a31a62be3e6f1f387935ffe2dab72766?s=96&d=mm&r=g","contentUrl":"https:\/\/secure.gravatar.com\/avatar\/88fef5c9b059fe9f088526b4e13574c1a31a62be3e6f1f387935ffe2dab72766?s=96&d=mm&r=g","caption":"Adriana Maldonado Jim\u00e9nez, MBA, MSc"},"sameAs":["https:\/\/www.gnosisxxi.mx","https:\/\/www.linkedin.com\/in\/adriana-maldonado-jimnez-40b708b0\/"],"url":"https:\/\/www.gnosisxxi.mx\/es\/autor\/mtra-adriana-maldonado-jimenez-mba\/"}]}},"_links":{"self":[{"href":"https:\/\/www.gnosisxxi.mx\/es\/wp-json\/wp\/v2\/posts\/673","targetHints":{"allow":["GET"]}}],"collection":[{"href":"https:\/\/www.gnosisxxi.mx\/es\/wp-json\/wp\/v2\/posts"}],"about":[{"href":"https:\/\/www.gnosisxxi.mx\/es\/wp-json\/wp\/v2\/types\/post"}],"author":[{"embeddable":true,"href":"https:\/\/www.gnosisxxi.mx\/es\/wp-json\/wp\/v2\/users\/3"}],"replies":[{"embeddable":true,"href":"https:\/\/www.gnosisxxi.mx\/es\/wp-json\/wp\/v2\/comments?post=673"}],"version-history":[{"count":1,"href":"https:\/\/www.gnosisxxi.mx\/es\/wp-json\/wp\/v2\/posts\/673\/revisions"}],"predecessor-version":[{"id":674,"href":"https:\/\/www.gnosisxxi.mx\/es\/wp-json\/wp\/v2\/posts\/673\/revisions\/674"}],"wp:attachment":[{"href":"https:\/\/www.gnosisxxi.mx\/es\/wp-json\/wp\/v2\/media?parent=673"}],"wp:term":[{"taxonomy":"category","embeddable":true,"href":"https:\/\/www.gnosisxxi.mx\/es\/wp-json\/wp\/v2\/categories?post=673"},{"taxonomy":"post_tag","embeddable":true,"href":"https:\/\/www.gnosisxxi.mx\/es\/wp-json\/wp\/v2\/tags?post=673"}],"curies":[{"name":"wp","href":"https:\/\/api.w.org\/{rel}","templated":true}]}}