{"id":644,"date":"2019-10-17T22:16:37","date_gmt":"2019-10-18T03:16:37","guid":{"rendered":"http:\/\/www.gnosisxxi.mx\/?p=644"},"modified":"2026-04-16T00:13:53","modified_gmt":"2026-04-16T06:13:53","slug":"desarrollando-la-region-centro-occidente-de-mexico-un-buen-principio","status":"publish","type":"post","link":"https:\/\/www.gnosisxxi.mx\/es\/desarrollando-la-region-centro-occidente-de-mexico-un-buen-principio\/","title":{"rendered":"Desarrollando la Regi\u00f3n Centro-Occidente de M\u00e9xico, un buen principio"},"content":{"rendered":"<p>Regi\u00f3n Centro-Occidente de M\u00e9xico, da su primer paso.<\/p>\n<p>El desarrollo general de un pa\u00eds tan extenso como M\u00e9xico no se da de manera igual. Por ello es importante considerar a las regiones como la base de inter\u00e9s para trabajar en los an\u00e1lisis y programas que conlleven al desarrollo integral inclusivo. El trabajar con las entidades federativas o estados es una alternativa que puede traer buenos resultados, como ha sido el caso del desarrollo en Guanajuato basado en la planeaci\u00f3n a largo plazo que dio inicio con el estudio de prospectiva denominado Guanajuato Siglo XXI y del cual derivaron los planes y programas estatales que le permitieron mejorar su competitividad y el crecimiento econ\u00f3mico. Sin embargo, el contar con vecinos que comparten fortalezas y retos, as\u00ed como el enriquecer con recursos y competencias complementarias no ha sido aprovechado para ampliar el potencial y lograr un mayor desarrollo y prosperidad.<\/p>\n<p>Siempre se ha se\u00f1alado la relevancia de la zona del Baj\u00edo para el pa\u00eds, desde la independencia hasta el desarrollo e integraci\u00f3n de los cl\u00fasteres como el automotriz, l\u00ednea blanca, alimentos, cuero-calzado entre otros; marcando tendencias y fortaleciendo su atractividad como una regi\u00f3n receptora de inversi\u00f3n extranjera y de generaci\u00f3n de riqueza local. Quer\u00e9taro, Guanajuato y Aguascalientes comparten mucho de este potencial regional, el cual se ve fortalecido con la integraci\u00f3n de San Luis Potos\u00ed y Jalisco, los cuales est\u00e1n alineados a los anteriores, pero incorporan caracter\u00edsticas, recursos y capacidades especiales que fortalecen lo que se ha denominado la Zona Centro-Occidente de M\u00e9xico.<\/p>\n<p>Como se ha se\u00f1alado, el eje del corredor del Baj\u00edo (aeron\u00e1utica, automotriz, alimentos, \u00f3ptica, biotecnolog\u00eda y gen\u00f3mica), que suma el corredor hacia el Norte (l\u00ednea blanca, log\u00edstica) y la salida al Pac\u00edfico, que incluye la Zona Metropolitana de Guadalajara, con su desarrollo y aporte en la econom\u00eda basada en el conocimiento a trav\u00e9s de las TI\u00b4s y la Industria Creativa, as\u00ed como el fortalecimiento del cl\u00faster de salud.<\/p>\n<p>El reconocimiento de lo anterior y el trabajo de vinculaci\u00f3n ha derivado en la conformaci\u00f3n oficial de la Regi\u00f3n Centro-Occidente de M\u00e9xico, en la cual se pretende, mediante la colaboraci\u00f3n y el trabajo integrado lograr potenciar la regi\u00f3n para que sea la m\u00e1s competitiva de M\u00e9xico y una de las de mayor relevancia a nivel mundial. En noviembre del 2018 se anuncia la integraci\u00f3n de la regi\u00f3n Centro-Baj\u00edo con los estados de Aguascalientes, Guanajuato, Quer\u00e9taro y San Luis Potos\u00ed; posteriormente en el mes de febrero del 2019 se establece el inter\u00e9s por el ingreso del estado de Jalisco conformando la regi\u00f3n que ahora se reconoce como Centro-Baj\u00edo-Occidente o simplemente Centro-Occidente, y cuyo acuerdo fue firmado el 8 de mayo por los gobernadores de los cinco estados que la conforman.<\/p>\n<p>Un importante aporte a los an\u00e1lisis y programas para el desarrollo de zonas o regiones pueden encontrarse al observar tanto la historia, realidad actual y caracter\u00edsticas de regiones como son Silicon Valley y el Corredor Boston (Route 128) que sirven de ejemplo de desarrollo tecnol\u00f3gico y acceso a una econom\u00eda fuerte basada en el conocimiento; Quebec como una provincia en donde se promueve la innovaci\u00f3n y el desarrollo humano; las regiones alemanas de Baden-W\u00fcrttenberg y Bavaria como ejemplo de desarrollo empresarial, industrial y desarrollo de competencias laborables; la zona francesa de Rhon-Alpes con sus manifestaciones de innovaci\u00f3n social, comercio justo e innovaci\u00f3n en PyMEs; la regi\u00f3n auton\u00f3mica espa\u00f1ola del Pa\u00eds Vasco construyendo mecanismos y pol\u00edticas p\u00fablicas que favorecen la planeaci\u00f3n y la articulaci\u00f3n de programas para el desarrollo; as\u00ed como Nueva Zelanda, una naci\u00f3n del tama\u00f1o de muchas regiones a la que le reconoce como ejemplo de generaci\u00f3n e integraci\u00f3n de pol\u00edticas p\u00fablicas, instituciones y planes de desarrollo incluyentes, efectivos y de amplio alcance.<\/p>\n<p><img loading=\"lazy\" decoding=\"async\" class=\"irc_mi\" src=\"https:\/\/upload.wikimedia.org\/wikipedia\/commons\/b\/b8\/Lyon-Paysages.jpg\" alt=\"Resultado de imagen para rhon-alpes collage\" width=\"233\" height=\"285\" \/><img loading=\"lazy\" decoding=\"async\" class=\"fill marg_top10\" title=\"\" src=\"https:\/\/www.abercrombiekent.com\/-\/media\/ak\/media-for-prod\/destinations\/maps\/new-zealand.jpg?h=401&amp;w=350&amp;la=en&amp;hash=99D1332B78EE1AFA0D7CC6336031BD98\" alt=\"New Zealand\" width=\"251\" height=\"288\" \/><img loading=\"lazy\" decoding=\"async\" class=\"irc_mi\" src=\"https:\/\/upload.wikimedia.org\/wikipedia\/commons\/d\/d1\/Baden-Wuerttemberg_travel_map_EN.png\" alt=\"Resultado de imagen para baden-w\u00fcrttemberg\" width=\"254\" height=\"287\" \/><\/p>\n<p>Regresando a la Regi\u00f3n Centro-Occidente se observa que la asociaci\u00f3n genera fortalezas en diferentes \u00e1reas como son:<\/p>\n<ol>\n<li>Integraci\u00f3n y\/o fortalecimiento de los cl\u00fasteres estrat\u00e9gicos (aeron\u00e1utico, automotriz, alimentos (agr\u00edcolas, l\u00e1cteos, huevo, cerdo, res y pollo), l\u00ednea blanca, cuero calzado, salud, entre otros).<\/li>\n<li>Fortalecimiento de la estructura log\u00edstica para soportar la operaci\u00f3n econ\u00f3mica de la regi\u00f3n al contar con v\u00edas de comunicaci\u00f3n terrestre (carreteras y ferrocarriles), aeropuertos, puertos mar\u00edtimos en el Pac\u00edfico, salidas al Golfo y a la frontera con los EEUU; as\u00ed como, los recursos y equipos para una log\u00edstica 3PL, 4PL y 4.0 para atender las necesidades actuales.<\/li>\n<li>Acumulaci\u00f3n de competencias y capacidades para el despliegue, fomento y fortalecimiento de sectores econ\u00f3micos de mayor valor como son las derivadas de las tecnolog\u00edas de informaci\u00f3n, las industrias creativas, el dise\u00f1o, la bio y la nanotecnolog\u00eda, desarrollo de nuevos materiales, as\u00ed como la gen\u00f3mica.<\/li>\n<li>Consolidar y fortalecer las capacidades de investigaci\u00f3n y desarrollo al generar un sistema integrado que articule a los diferentes n\u00facleos de generaci\u00f3n, transferencia y aplicaci\u00f3n de la tecnolog\u00eda y coordine proyectos de alto impacto. (Un ejemplo puede ser el desarrollo de la Medicina Gen\u00f3mica y su aplicaci\u00f3n para la protecci\u00f3n de la salud de la poblaci\u00f3n y el establecimiento y dominio de la especialidad que brinde beneficios econ\u00f3micos).<\/li>\n<\/ol>\n<p>La regi\u00f3n no est\u00e1 exenta de retos, en donde se identifica el romper las inercias de trabajar de forma aislada y solamente pensar, articular y proyectar el desarrollo como estados independientes. No se deben dejar los proyectos particulares estrat\u00e9gicos estatales, sino que se debe de adicionar la visi\u00f3n de regi\u00f3n identificando y compartiendo esa aspiraci\u00f3n de alto desarrollo y que busca lograr; esto se debe complementar con la articulaci\u00f3n de los proyectos estrat\u00e9gicos regionales, en donde se puede lograr un mayor estado de desarrollo y bienestar para la regi\u00f3n.<\/p>\n<p>Otro punto importante es identificar los intereses comunes y establecer una agenda en la cual los estados se apoyen entre s\u00ed, logrando incrementar la capacidad de negociaci\u00f3n y de influencia a la que de forma aislada no se alcanzar\u00eda en la misma magnitud.<\/p>\n<p>Adicionalmente, se debe establecer acciones que permitan establecer las relaciones para la generaci\u00f3n de socios estrat\u00e9gicos para la Regi\u00f3n Centro-Occidente, estas alianzas pueden ser de manera general o de forma espec\u00edfica y acorde a cada proyecto. A manera de ejemplo se pueden establecer alianzas de car\u00e1cter general para promover el desarrollo con regiones \u201chermanas\u201d como puede ser Baden-W\u00fcrttenberg, Rhon-Alpes entre otras. De la misma forma que pueden ser de car\u00e1cter particular como puede ser con la Embajada y Gobierno de Alemania para fortalecer la educaci\u00f3n t\u00e9cnica, de ingenier\u00eda y de ciencia; as\u00ed como el modelo dual permitiendo una m\u00e1s r\u00e1pida asimilaci\u00f3n del conocimiento y la experiencia para que se incorpore en los diferentes agentes productivos de la regi\u00f3n.<\/p>\n<p>Finalmente, se puede se\u00f1alar que la definici\u00f3n de la visi\u00f3n de regi\u00f3n que se vea acompa\u00f1ada con estrategias relevantes para alcanzar los objetivos de desarrollo de la regi\u00f3n. Esto complementado por un portafolio de proyectos estrat\u00e9gicos para hacer realidad el incremento de la competitividad de la regi\u00f3n y sus empresas, as\u00ed como el incremento en el bienestar y nivel de vida de sus habitantes. Un proyecto que puede cobrar especial inter\u00e9s es el del fortalecimiento de los cl\u00fasteres vinculados al campo y alimentos. Desarrollo de una estrategia integral para maximizar la producci\u00f3n y el valor de los productos agr\u00edcolas, que incorpore procesos efectivos de siembra, cultivo, transporte, almacenamiento y comercializaci\u00f3n, en donde el valor conseguido se distribuya de forma justa entre los miembros de las mismas, realizando que el desarrollo econ\u00f3mico sea inclusivo y genere mayor bienestar para agentes y habitantes de zonas rurales y suburbanas. Adicionalmente, en la plataforma de incorporar a la regi\u00f3n a la econom\u00eda basada en el conocimiento se puede crea un programa estrat\u00e9gico que favorezca la incorporaci\u00f3n de sectores tradicionales de la econom\u00eda a nuevas \u00e1reas, como ejemplo, de la industria textil puede salir actores que puedan producir \u00f3rtesis de alta calidad para el sector salud. Estos dos proyectos son dos ejemplos de los tipos de proyectos que se pueden incorporar al portafolio estrat\u00e9gico de proyectos de la Regi\u00f3n Centro-Occidente.<\/p>\n<p>El establecer un acuerdo es solamente el principio de lo que debe ser un trabajo ordenado, constante, disciplinado y muy profesional de trabajo en conjunto para comenzar a trabajar como regi\u00f3n y poder obtener los resultados positivos que impacten en todos y cada uno de los que conviven en esta regi\u00f3n. Un buen principio que debe ser apoyado, ahora a trabajar duro por ello.<\/p>\n","protected":false},"excerpt":{"rendered":"<p>Regi\u00f3n Centro-Occidente de M\u00e9xico, da su primer paso. El desarrollo general de un pa\u00eds tan extenso como M\u00e9xico no se da de manera igual. Por ello es importante considerar a las regiones como la base de inter\u00e9s para trabajar en los an\u00e1lisis y programas que conlleven al desarrollo integral inclusivo. El trabajar con las entidades [&hellip;]<\/p>\n","protected":false},"author":4,"featured_media":660,"comment_status":"open","ping_status":"open","sticky":true,"template":"","format":"standard","meta":{"footnotes":""},"categories":[15],"tags":[27,28],"class_list":["post-644","post","type-post","status-publish","format-standard","has-post-thumbnail","hentry","category-desarrollo-regional","tag-desarrollo-regional","tag-region-centro-occidente"],"yoast_head":"<!-- This site is optimized with the Yoast SEO plugin v27.4 - https:\/\/yoast.com\/product\/yoast-seo-wordpress\/ -->\n<title>Desarrollando la Regi\u00f3n Centro-Occidente de M\u00e9xico, un buen principio - Gnosis XXI<\/title>\n<meta name=\"robots\" content=\"index, follow, max-snippet:-1, max-image-preview:large, max-video-preview:-1\" \/>\n<link rel=\"canonical\" href=\"https:\/\/www.gnosisxxi.mx\/es\/desarrollando-la-region-centro-occidente-de-mexico-un-buen-principio\/\" \/>\n<meta property=\"og:locale\" content=\"es_MX\" \/>\n<meta property=\"og:type\" content=\"article\" \/>\n<meta property=\"og:title\" content=\"Desarrollando la Regi\u00f3n Centro-Occidente de M\u00e9xico, un buen principio - Gnosis XXI\" \/>\n<meta property=\"og:description\" content=\"Regi\u00f3n Centro-Occidente de M\u00e9xico, da su primer paso. El desarrollo general de un pa\u00eds tan extenso como M\u00e9xico no se da de manera igual. Por ello es importante considerar a las regiones como la base de inter\u00e9s para trabajar en los an\u00e1lisis y programas que conlleven al desarrollo integral inclusivo. El trabajar con las entidades [&hellip;]\" \/>\n<meta property=\"og:url\" content=\"https:\/\/www.gnosisxxi.mx\/es\/desarrollando-la-region-centro-occidente-de-mexico-un-buen-principio\/\" \/>\n<meta property=\"og:site_name\" content=\"Gnosis XXI\" \/>\n<meta property=\"article:published_time\" content=\"2019-10-18T03:16:37+00:00\" \/>\n<meta property=\"article:modified_time\" content=\"2026-04-16T06:13:53+00:00\" \/>\n<meta property=\"og:image\" content=\"https:\/\/www.gnosisxxi.mx\/wp-content\/uploads\/2019\/10\/GobernadoresRCO.jpg\" \/>\n\t<meta property=\"og:image:width\" content=\"600\" \/>\n\t<meta property=\"og:image:height\" content=\"399\" \/>\n\t<meta property=\"og:image:type\" content=\"image\/jpeg\" \/>\n<meta name=\"author\" content=\"Fernando Herrera\" \/>\n<meta name=\"twitter:card\" content=\"summary_large_image\" \/>\n<meta name=\"twitter:label1\" content=\"Escrito por\" \/>\n\t<meta name=\"twitter:data1\" content=\"Fernando Herrera\" \/>\n\t<meta name=\"twitter:label2\" content=\"Tiempo de lectura\" \/>\n\t<meta name=\"twitter:data2\" content=\"8 minutos\" \/>\n<script type=\"application\/ld+json\" class=\"yoast-schema-graph\">{\"@context\":\"https:\\\/\\\/schema.org\",\"@graph\":[{\"@type\":\"Article\",\"@id\":\"https:\\\/\\\/www.gnosisxxi.mx\\\/es\\\/desarrollando-la-region-centro-occidente-de-mexico-un-buen-principio\\\/#article\",\"isPartOf\":{\"@id\":\"https:\\\/\\\/www.gnosisxxi.mx\\\/es\\\/desarrollando-la-region-centro-occidente-de-mexico-un-buen-principio\\\/\"},\"author\":{\"name\":\"Fernando Herrera\",\"@id\":\"https:\\\/\\\/www.gnosisxxi.mx\\\/es\\\/#\\\/schema\\\/person\\\/5fe4bde0a511387389f447ccdfca726a\"},\"headline\":\"Desarrollando la Regi\u00f3n Centro-Occidente de M\u00e9xico, un buen principio\",\"datePublished\":\"2019-10-18T03:16:37+00:00\",\"dateModified\":\"2026-04-16T06:13:53+00:00\",\"mainEntityOfPage\":{\"@id\":\"https:\\\/\\\/www.gnosisxxi.mx\\\/es\\\/desarrollando-la-region-centro-occidente-de-mexico-un-buen-principio\\\/\"},\"wordCount\":1521,\"commentCount\":0,\"image\":{\"@id\":\"https:\\\/\\\/www.gnosisxxi.mx\\\/es\\\/desarrollando-la-region-centro-occidente-de-mexico-un-buen-principio\\\/#primaryimage\"},\"thumbnailUrl\":\"https:\\\/\\\/www.gnosisxxi.mx\\\/wp-content\\\/uploads\\\/2019\\\/10\\\/GobernadoresRCO.jpg\",\"keywords\":[\"Desarrollo Regional\",\"Region Centro-Occidente\"],\"articleSection\":[\"Desarrollo regional\"],\"inLanguage\":\"es\",\"potentialAction\":[{\"@type\":\"CommentAction\",\"name\":\"Comment\",\"target\":[\"https:\\\/\\\/www.gnosisxxi.mx\\\/es\\\/desarrollando-la-region-centro-occidente-de-mexico-un-buen-principio\\\/#respond\"]}]},{\"@type\":\"WebPage\",\"@id\":\"https:\\\/\\\/www.gnosisxxi.mx\\\/es\\\/desarrollando-la-region-centro-occidente-de-mexico-un-buen-principio\\\/\",\"url\":\"https:\\\/\\\/www.gnosisxxi.mx\\\/es\\\/desarrollando-la-region-centro-occidente-de-mexico-un-buen-principio\\\/\",\"name\":\"Desarrollando la Regi\u00f3n Centro-Occidente de M\u00e9xico, un buen principio - Gnosis XXI\",\"isPartOf\":{\"@id\":\"https:\\\/\\\/www.gnosisxxi.mx\\\/es\\\/#website\"},\"primaryImageOfPage\":{\"@id\":\"https:\\\/\\\/www.gnosisxxi.mx\\\/es\\\/desarrollando-la-region-centro-occidente-de-mexico-un-buen-principio\\\/#primaryimage\"},\"image\":{\"@id\":\"https:\\\/\\\/www.gnosisxxi.mx\\\/es\\\/desarrollando-la-region-centro-occidente-de-mexico-un-buen-principio\\\/#primaryimage\"},\"thumbnailUrl\":\"https:\\\/\\\/www.gnosisxxi.mx\\\/wp-content\\\/uploads\\\/2019\\\/10\\\/GobernadoresRCO.jpg\",\"datePublished\":\"2019-10-18T03:16:37+00:00\",\"dateModified\":\"2026-04-16T06:13:53+00:00\",\"author\":{\"@id\":\"https:\\\/\\\/www.gnosisxxi.mx\\\/es\\\/#\\\/schema\\\/person\\\/5fe4bde0a511387389f447ccdfca726a\"},\"breadcrumb\":{\"@id\":\"https:\\\/\\\/www.gnosisxxi.mx\\\/es\\\/desarrollando-la-region-centro-occidente-de-mexico-un-buen-principio\\\/#breadcrumb\"},\"inLanguage\":\"es\",\"potentialAction\":[{\"@type\":\"ReadAction\",\"target\":[\"https:\\\/\\\/www.gnosisxxi.mx\\\/es\\\/desarrollando-la-region-centro-occidente-de-mexico-un-buen-principio\\\/\"]}]},{\"@type\":\"ImageObject\",\"inLanguage\":\"es\",\"@id\":\"https:\\\/\\\/www.gnosisxxi.mx\\\/es\\\/desarrollando-la-region-centro-occidente-de-mexico-un-buen-principio\\\/#primaryimage\",\"url\":\"https:\\\/\\\/www.gnosisxxi.mx\\\/wp-content\\\/uploads\\\/2019\\\/10\\\/GobernadoresRCO.jpg\",\"contentUrl\":\"https:\\\/\\\/www.gnosisxxi.mx\\\/wp-content\\\/uploads\\\/2019\\\/10\\\/GobernadoresRCO.jpg\",\"width\":600,\"height\":399},{\"@type\":\"BreadcrumbList\",\"@id\":\"https:\\\/\\\/www.gnosisxxi.mx\\\/es\\\/desarrollando-la-region-centro-occidente-de-mexico-un-buen-principio\\\/#breadcrumb\",\"itemListElement\":[{\"@type\":\"ListItem\",\"position\":1,\"name\":\"Inicio\",\"item\":\"https:\\\/\\\/www.gnosisxxi.mx\\\/es\\\/\"},{\"@type\":\"ListItem\",\"position\":2,\"name\":\"Desarrollando la Regi\u00f3n Centro-Occidente de M\u00e9xico, un buen principio\"}]},{\"@type\":\"WebSite\",\"@id\":\"https:\\\/\\\/www.gnosisxxi.mx\\\/es\\\/#website\",\"url\":\"https:\\\/\\\/www.gnosisxxi.mx\\\/es\\\/\",\"name\":\"Gnosis XXI\",\"description\":\"Gnosis XXI aplicando el conocimiento y construyendo redes de apoyo para acompa\u00f1ar a las empresas y gobiernos a lograr el \u00e9xito en su prop\u00f3sito con eficiencia y efectividad.\",\"potentialAction\":[{\"@type\":\"SearchAction\",\"target\":{\"@type\":\"EntryPoint\",\"urlTemplate\":\"https:\\\/\\\/www.gnosisxxi.mx\\\/es\\\/?s={search_term_string}\"},\"query-input\":{\"@type\":\"PropertyValueSpecification\",\"valueRequired\":true,\"valueName\":\"search_term_string\"}}],\"inLanguage\":\"es\"},{\"@type\":\"Person\",\"@id\":\"https:\\\/\\\/www.gnosisxxi.mx\\\/es\\\/#\\\/schema\\\/person\\\/5fe4bde0a511387389f447ccdfca726a\",\"name\":\"Fernando Herrera\",\"pronouns\":\"he\\\/him\",\"image\":{\"@type\":\"ImageObject\",\"inLanguage\":\"es\",\"@id\":\"https:\\\/\\\/secure.gravatar.com\\\/avatar\\\/7272852b28983badb5229ea70892b3f25fe19175a9a0b7fe00625032c52e9305?s=96&d=mm&r=g\",\"url\":\"https:\\\/\\\/secure.gravatar.com\\\/avatar\\\/7272852b28983badb5229ea70892b3f25fe19175a9a0b7fe00625032c52e9305?s=96&d=mm&r=g\",\"contentUrl\":\"https:\\\/\\\/secure.gravatar.com\\\/avatar\\\/7272852b28983badb5229ea70892b3f25fe19175a9a0b7fe00625032c52e9305?s=96&d=mm&r=g\",\"caption\":\"Fernando Herrera\"},\"sameAs\":[\"http:\\\/\\\/www.gnosisxxi.mx\",\"https:\\\/\\\/www.linkedin.com\\\/in\\\/fernando-herrera-pons-29a7a349\\\/\"],\"url\":\"https:\\\/\\\/www.gnosisxxi.mx\\\/es\\\/autor\\\/doctor-fernando-herrera-pons\\\/\"}]}<\/script>\n<!-- \/ Yoast SEO plugin. -->","yoast_head_json":{"title":"Desarrollando la Regi\u00f3n Centro-Occidente de M\u00e9xico, un buen principio - Gnosis XXI","robots":{"index":"index","follow":"follow","max-snippet":"max-snippet:-1","max-image-preview":"max-image-preview:large","max-video-preview":"max-video-preview:-1"},"canonical":"https:\/\/www.gnosisxxi.mx\/es\/desarrollando-la-region-centro-occidente-de-mexico-un-buen-principio\/","og_locale":"es_MX","og_type":"article","og_title":"Desarrollando la Regi\u00f3n Centro-Occidente de M\u00e9xico, un buen principio - Gnosis XXI","og_description":"Regi\u00f3n Centro-Occidente de M\u00e9xico, da su primer paso. El desarrollo general de un pa\u00eds tan extenso como M\u00e9xico no se da de manera igual. Por ello es importante considerar a las regiones como la base de inter\u00e9s para trabajar en los an\u00e1lisis y programas que conlleven al desarrollo integral inclusivo. El trabajar con las entidades [&hellip;]","og_url":"https:\/\/www.gnosisxxi.mx\/es\/desarrollando-la-region-centro-occidente-de-mexico-un-buen-principio\/","og_site_name":"Gnosis XXI","article_published_time":"2019-10-18T03:16:37+00:00","article_modified_time":"2026-04-16T06:13:53+00:00","og_image":[{"width":600,"height":399,"url":"https:\/\/www.gnosisxxi.mx\/wp-content\/uploads\/2019\/10\/GobernadoresRCO.jpg","type":"image\/jpeg"}],"author":"Fernando Herrera","twitter_card":"summary_large_image","twitter_misc":{"Escrito por":"Fernando Herrera","Tiempo de lectura":"8 minutos"},"schema":{"@context":"https:\/\/schema.org","@graph":[{"@type":"Article","@id":"https:\/\/www.gnosisxxi.mx\/es\/desarrollando-la-region-centro-occidente-de-mexico-un-buen-principio\/#article","isPartOf":{"@id":"https:\/\/www.gnosisxxi.mx\/es\/desarrollando-la-region-centro-occidente-de-mexico-un-buen-principio\/"},"author":{"name":"Fernando Herrera","@id":"https:\/\/www.gnosisxxi.mx\/es\/#\/schema\/person\/5fe4bde0a511387389f447ccdfca726a"},"headline":"Desarrollando la Regi\u00f3n Centro-Occidente de M\u00e9xico, un buen principio","datePublished":"2019-10-18T03:16:37+00:00","dateModified":"2026-04-16T06:13:53+00:00","mainEntityOfPage":{"@id":"https:\/\/www.gnosisxxi.mx\/es\/desarrollando-la-region-centro-occidente-de-mexico-un-buen-principio\/"},"wordCount":1521,"commentCount":0,"image":{"@id":"https:\/\/www.gnosisxxi.mx\/es\/desarrollando-la-region-centro-occidente-de-mexico-un-buen-principio\/#primaryimage"},"thumbnailUrl":"https:\/\/www.gnosisxxi.mx\/wp-content\/uploads\/2019\/10\/GobernadoresRCO.jpg","keywords":["Desarrollo Regional","Region Centro-Occidente"],"articleSection":["Desarrollo regional"],"inLanguage":"es","potentialAction":[{"@type":"CommentAction","name":"Comment","target":["https:\/\/www.gnosisxxi.mx\/es\/desarrollando-la-region-centro-occidente-de-mexico-un-buen-principio\/#respond"]}]},{"@type":"WebPage","@id":"https:\/\/www.gnosisxxi.mx\/es\/desarrollando-la-region-centro-occidente-de-mexico-un-buen-principio\/","url":"https:\/\/www.gnosisxxi.mx\/es\/desarrollando-la-region-centro-occidente-de-mexico-un-buen-principio\/","name":"Desarrollando la Regi\u00f3n Centro-Occidente de M\u00e9xico, un buen principio - Gnosis XXI","isPartOf":{"@id":"https:\/\/www.gnosisxxi.mx\/es\/#website"},"primaryImageOfPage":{"@id":"https:\/\/www.gnosisxxi.mx\/es\/desarrollando-la-region-centro-occidente-de-mexico-un-buen-principio\/#primaryimage"},"image":{"@id":"https:\/\/www.gnosisxxi.mx\/es\/desarrollando-la-region-centro-occidente-de-mexico-un-buen-principio\/#primaryimage"},"thumbnailUrl":"https:\/\/www.gnosisxxi.mx\/wp-content\/uploads\/2019\/10\/GobernadoresRCO.jpg","datePublished":"2019-10-18T03:16:37+00:00","dateModified":"2026-04-16T06:13:53+00:00","author":{"@id":"https:\/\/www.gnosisxxi.mx\/es\/#\/schema\/person\/5fe4bde0a511387389f447ccdfca726a"},"breadcrumb":{"@id":"https:\/\/www.gnosisxxi.mx\/es\/desarrollando-la-region-centro-occidente-de-mexico-un-buen-principio\/#breadcrumb"},"inLanguage":"es","potentialAction":[{"@type":"ReadAction","target":["https:\/\/www.gnosisxxi.mx\/es\/desarrollando-la-region-centro-occidente-de-mexico-un-buen-principio\/"]}]},{"@type":"ImageObject","inLanguage":"es","@id":"https:\/\/www.gnosisxxi.mx\/es\/desarrollando-la-region-centro-occidente-de-mexico-un-buen-principio\/#primaryimage","url":"https:\/\/www.gnosisxxi.mx\/wp-content\/uploads\/2019\/10\/GobernadoresRCO.jpg","contentUrl":"https:\/\/www.gnosisxxi.mx\/wp-content\/uploads\/2019\/10\/GobernadoresRCO.jpg","width":600,"height":399},{"@type":"BreadcrumbList","@id":"https:\/\/www.gnosisxxi.mx\/es\/desarrollando-la-region-centro-occidente-de-mexico-un-buen-principio\/#breadcrumb","itemListElement":[{"@type":"ListItem","position":1,"name":"Inicio","item":"https:\/\/www.gnosisxxi.mx\/es\/"},{"@type":"ListItem","position":2,"name":"Desarrollando la Regi\u00f3n Centro-Occidente de M\u00e9xico, un buen principio"}]},{"@type":"WebSite","@id":"https:\/\/www.gnosisxxi.mx\/es\/#website","url":"https:\/\/www.gnosisxxi.mx\/es\/","name":"Gnosis XXI","description":"Gnosis XXI aplicando el conocimiento y construyendo redes de apoyo para acompa\u00f1ar a las empresas y gobiernos a lograr el \u00e9xito en su prop\u00f3sito con eficiencia y efectividad.","potentialAction":[{"@type":"SearchAction","target":{"@type":"EntryPoint","urlTemplate":"https:\/\/www.gnosisxxi.mx\/es\/?s={search_term_string}"},"query-input":{"@type":"PropertyValueSpecification","valueRequired":true,"valueName":"search_term_string"}}],"inLanguage":"es"},{"@type":"Person","@id":"https:\/\/www.gnosisxxi.mx\/es\/#\/schema\/person\/5fe4bde0a511387389f447ccdfca726a","name":"Fernando Herrera","pronouns":"he\/him","image":{"@type":"ImageObject","inLanguage":"es","@id":"https:\/\/secure.gravatar.com\/avatar\/7272852b28983badb5229ea70892b3f25fe19175a9a0b7fe00625032c52e9305?s=96&d=mm&r=g","url":"https:\/\/secure.gravatar.com\/avatar\/7272852b28983badb5229ea70892b3f25fe19175a9a0b7fe00625032c52e9305?s=96&d=mm&r=g","contentUrl":"https:\/\/secure.gravatar.com\/avatar\/7272852b28983badb5229ea70892b3f25fe19175a9a0b7fe00625032c52e9305?s=96&d=mm&r=g","caption":"Fernando Herrera"},"sameAs":["http:\/\/www.gnosisxxi.mx","https:\/\/www.linkedin.com\/in\/fernando-herrera-pons-29a7a349\/"],"url":"https:\/\/www.gnosisxxi.mx\/es\/autor\/doctor-fernando-herrera-pons\/"}]}},"_links":{"self":[{"href":"https:\/\/www.gnosisxxi.mx\/es\/wp-json\/wp\/v2\/posts\/644","targetHints":{"allow":["GET"]}}],"collection":[{"href":"https:\/\/www.gnosisxxi.mx\/es\/wp-json\/wp\/v2\/posts"}],"about":[{"href":"https:\/\/www.gnosisxxi.mx\/es\/wp-json\/wp\/v2\/types\/post"}],"author":[{"embeddable":true,"href":"https:\/\/www.gnosisxxi.mx\/es\/wp-json\/wp\/v2\/users\/4"}],"replies":[{"embeddable":true,"href":"https:\/\/www.gnosisxxi.mx\/es\/wp-json\/wp\/v2\/comments?post=644"}],"version-history":[{"count":9,"href":"https:\/\/www.gnosisxxi.mx\/es\/wp-json\/wp\/v2\/posts\/644\/revisions"}],"predecessor-version":[{"id":667,"href":"https:\/\/www.gnosisxxi.mx\/es\/wp-json\/wp\/v2\/posts\/644\/revisions\/667"}],"wp:featuredmedia":[{"embeddable":true,"href":"https:\/\/www.gnosisxxi.mx\/es\/wp-json\/wp\/v2\/media\/660"}],"wp:attachment":[{"href":"https:\/\/www.gnosisxxi.mx\/es\/wp-json\/wp\/v2\/media?parent=644"}],"wp:term":[{"taxonomy":"category","embeddable":true,"href":"https:\/\/www.gnosisxxi.mx\/es\/wp-json\/wp\/v2\/categories?post=644"},{"taxonomy":"post_tag","embeddable":true,"href":"https:\/\/www.gnosisxxi.mx\/es\/wp-json\/wp\/v2\/tags?post=644"}],"curies":[{"name":"wp","href":"https:\/\/api.w.org\/{rel}","templated":true}]}}