{"id":1409,"date":"2023-10-19T20:33:02","date_gmt":"2023-10-20T01:33:02","guid":{"rendered":"https:\/\/www.gnosisxxi.mx\/?p=1409"},"modified":"2026-04-16T00:13:48","modified_gmt":"2026-04-16T06:13:48","slug":"dia-mundial-del-cancer-de-mama","status":"publish","type":"post","link":"https:\/\/www.gnosisxxi.mx\/es\/dia-mundial-del-cancer-de-mama\/","title":{"rendered":"Dia mundial del C\u00e1ncer de Mama"},"content":{"rendered":"<p><img loading=\"lazy\" decoding=\"async\" class=\"alignnone size-medium wp-image-1410\" src=\"https:\/\/www.gnosisxxi.mx\/wp-content\/uploads\/2023\/10\/Diapositiva1-300x169.jpg\" alt=\"\" width=\"300\" height=\"169\" srcset=\"https:\/\/www.gnosisxxi.mx\/wp-content\/uploads\/2023\/10\/Diapositiva1-300x169.jpg 300w, https:\/\/www.gnosisxxi.mx\/wp-content\/uploads\/2023\/10\/Diapositiva1-1024x576.jpg 1024w, https:\/\/www.gnosisxxi.mx\/wp-content\/uploads\/2023\/10\/Diapositiva1-768x432.jpg 768w, https:\/\/www.gnosisxxi.mx\/wp-content\/uploads\/2023\/10\/Diapositiva1.jpg 1280w\" sizes=\"auto, (max-width: 300px) 100vw, 300px\" \/><\/p>\n","protected":false},"excerpt":{"rendered":"","protected":false},"author":3,"featured_media":0,"comment_status":"open","ping_status":"closed","sticky":false,"template":"","format":"standard","meta":{"footnotes":""},"categories":[18],"tags":[],"class_list":["post-1409","post","type-post","status-publish","format-standard","hentry","category-genero"],"yoast_head":"<!-- This site is optimized with the Yoast SEO plugin v27.4 - https:\/\/yoast.com\/product\/yoast-seo-wordpress\/ -->\n<title>Dia mundial del C\u00e1ncer de Mama - Gnosis XXI<\/title>\n<meta name=\"robots\" content=\"index, follow, max-snippet:-1, max-image-preview:large, max-video-preview:-1\" \/>\n<link rel=\"canonical\" href=\"https:\/\/www.gnosisxxi.mx\/es\/dia-mundial-del-cancer-de-mama\/\" \/>\n<meta property=\"og:locale\" content=\"es_MX\" \/>\n<meta property=\"og:type\" content=\"article\" \/>\n<meta property=\"og:title\" content=\"Dia mundial del C\u00e1ncer de Mama - Gnosis XXI\" \/>\n<meta property=\"og:url\" content=\"https:\/\/www.gnosisxxi.mx\/es\/dia-mundial-del-cancer-de-mama\/\" \/>\n<meta property=\"og:site_name\" content=\"Gnosis XXI\" \/>\n<meta property=\"article:published_time\" content=\"2023-10-20T01:33:02+00:00\" \/>\n<meta property=\"article:modified_time\" content=\"2026-04-16T06:13:48+00:00\" \/>\n<meta property=\"og:image\" content=\"https:\/\/www.gnosisxxi.mx\/wp-content\/uploads\/2023\/10\/Diapositiva1-300x169.jpg\" \/>\n<meta name=\"author\" content=\"Adriana Maldonado Jim\u00e9nez, MBA, MSc\" \/>\n<meta name=\"twitter:card\" content=\"summary_large_image\" \/>\n<meta name=\"twitter:label1\" content=\"Escrito por\" \/>\n\t<meta name=\"twitter:data1\" content=\"Mtra. Adriana Maldonado Jim\u00e9nez, MBA\" \/>\n\t<meta name=\"twitter:label2\" content=\"Tiempo de lectura\" \/>\n\t<meta name=\"twitter:data2\" content=\"1 minuto\" \/>\n<script type=\"application\/ld+json\" class=\"yoast-schema-graph\">{\"@context\":\"https:\\\/\\\/schema.org\",\"@graph\":[{\"@type\":\"Article\",\"@id\":\"https:\\\/\\\/www.gnosisxxi.mx\\\/es\\\/dia-mundial-del-cancer-de-mama\\\/#article\",\"isPartOf\":{\"@id\":\"https:\\\/\\\/www.gnosisxxi.mx\\\/es\\\/dia-mundial-del-cancer-de-mama\\\/\"},\"author\":{\"name\":\"Adriana Maldonado Jim\u00e9nez, MBA, MSc\",\"@id\":\"https:\\\/\\\/www.gnosisxxi.mx\\\/es\\\/#\\\/schema\\\/person\\\/d6c9a151f6e26a58c07293c0426c4ec0\"},\"headline\":\"Dia mundial del C\u00e1ncer de Mama\",\"datePublished\":\"2023-10-20T01:33:02+00:00\",\"dateModified\":\"2026-04-16T06:13:48+00:00\",\"mainEntityOfPage\":{\"@id\":\"https:\\\/\\\/www.gnosisxxi.mx\\\/es\\\/dia-mundial-del-cancer-de-mama\\\/\"},\"wordCount\":7,\"commentCount\":0,\"image\":{\"@id\":\"https:\\\/\\\/www.gnosisxxi.mx\\\/es\\\/dia-mundial-del-cancer-de-mama\\\/#primaryimage\"},\"thumbnailUrl\":\"https:\\\/\\\/www.gnosisxxi.mx\\\/wp-content\\\/uploads\\\/2023\\\/10\\\/Diapositiva1-300x169.jpg\",\"articleSection\":[\"G\u00e9nero\"],\"inLanguage\":\"es\",\"potentialAction\":[{\"@type\":\"CommentAction\",\"name\":\"Comment\",\"target\":[\"https:\\\/\\\/www.gnosisxxi.mx\\\/es\\\/dia-mundial-del-cancer-de-mama\\\/#respond\"]}]},{\"@type\":\"WebPage\",\"@id\":\"https:\\\/\\\/www.gnosisxxi.mx\\\/es\\\/dia-mundial-del-cancer-de-mama\\\/\",\"url\":\"https:\\\/\\\/www.gnosisxxi.mx\\\/es\\\/dia-mundial-del-cancer-de-mama\\\/\",\"name\":\"Dia mundial del C\u00e1ncer de Mama - Gnosis XXI\",\"isPartOf\":{\"@id\":\"https:\\\/\\\/www.gnosisxxi.mx\\\/es\\\/#website\"},\"primaryImageOfPage\":{\"@id\":\"https:\\\/\\\/www.gnosisxxi.mx\\\/es\\\/dia-mundial-del-cancer-de-mama\\\/#primaryimage\"},\"image\":{\"@id\":\"https:\\\/\\\/www.gnosisxxi.mx\\\/es\\\/dia-mundial-del-cancer-de-mama\\\/#primaryimage\"},\"thumbnailUrl\":\"https:\\\/\\\/www.gnosisxxi.mx\\\/wp-content\\\/uploads\\\/2023\\\/10\\\/Diapositiva1-300x169.jpg\",\"datePublished\":\"2023-10-20T01:33:02+00:00\",\"dateModified\":\"2026-04-16T06:13:48+00:00\",\"author\":{\"@id\":\"https:\\\/\\\/www.gnosisxxi.mx\\\/es\\\/#\\\/schema\\\/person\\\/d6c9a151f6e26a58c07293c0426c4ec0\"},\"breadcrumb\":{\"@id\":\"https:\\\/\\\/www.gnosisxxi.mx\\\/es\\\/dia-mundial-del-cancer-de-mama\\\/#breadcrumb\"},\"inLanguage\":\"es\",\"potentialAction\":[{\"@type\":\"ReadAction\",\"target\":[\"https:\\\/\\\/www.gnosisxxi.mx\\\/es\\\/dia-mundial-del-cancer-de-mama\\\/\"]}]},{\"@type\":\"ImageObject\",\"inLanguage\":\"es\",\"@id\":\"https:\\\/\\\/www.gnosisxxi.mx\\\/es\\\/dia-mundial-del-cancer-de-mama\\\/#primaryimage\",\"url\":\"https:\\\/\\\/www.gnosisxxi.mx\\\/wp-content\\\/uploads\\\/2023\\\/10\\\/Diapositiva1-300x169.jpg\",\"contentUrl\":\"https:\\\/\\\/www.gnosisxxi.mx\\\/wp-content\\\/uploads\\\/2023\\\/10\\\/Diapositiva1-300x169.jpg\"},{\"@type\":\"BreadcrumbList\",\"@id\":\"https:\\\/\\\/www.gnosisxxi.mx\\\/es\\\/dia-mundial-del-cancer-de-mama\\\/#breadcrumb\",\"itemListElement\":[{\"@type\":\"ListItem\",\"position\":1,\"name\":\"Inicio\",\"item\":\"https:\\\/\\\/www.gnosisxxi.mx\\\/es\\\/\"},{\"@type\":\"ListItem\",\"position\":2,\"name\":\"Dia mundial del C\u00e1ncer de Mama\"}]},{\"@type\":\"WebSite\",\"@id\":\"https:\\\/\\\/www.gnosisxxi.mx\\\/es\\\/#website\",\"url\":\"https:\\\/\\\/www.gnosisxxi.mx\\\/es\\\/\",\"name\":\"Gnosis XXI\",\"description\":\"Gnosis XXI aplicando el conocimiento y construyendo redes de apoyo para acompa\u00f1ar a las empresas y gobiernos a lograr el \u00e9xito en su prop\u00f3sito con eficiencia y efectividad.\",\"potentialAction\":[{\"@type\":\"SearchAction\",\"target\":{\"@type\":\"EntryPoint\",\"urlTemplate\":\"https:\\\/\\\/www.gnosisxxi.mx\\\/es\\\/?s={search_term_string}\"},\"query-input\":{\"@type\":\"PropertyValueSpecification\",\"valueRequired\":true,\"valueName\":\"search_term_string\"}}],\"inLanguage\":\"es\"},{\"@type\":\"Person\",\"@id\":\"https:\\\/\\\/www.gnosisxxi.mx\\\/es\\\/#\\\/schema\\\/person\\\/d6c9a151f6e26a58c07293c0426c4ec0\",\"name\":\"Adriana Maldonado Jim\u00e9nez, MBA, MSc\",\"pronouns\":\"she\\\/her\",\"image\":{\"@type\":\"ImageObject\",\"inLanguage\":\"es\",\"@id\":\"https:\\\/\\\/secure.gravatar.com\\\/avatar\\\/88fef5c9b059fe9f088526b4e13574c1a31a62be3e6f1f387935ffe2dab72766?s=96&d=mm&r=g\",\"url\":\"https:\\\/\\\/secure.gravatar.com\\\/avatar\\\/88fef5c9b059fe9f088526b4e13574c1a31a62be3e6f1f387935ffe2dab72766?s=96&d=mm&r=g\",\"contentUrl\":\"https:\\\/\\\/secure.gravatar.com\\\/avatar\\\/88fef5c9b059fe9f088526b4e13574c1a31a62be3e6f1f387935ffe2dab72766?s=96&d=mm&r=g\",\"caption\":\"Adriana Maldonado Jim\u00e9nez, MBA, MSc\"},\"sameAs\":[\"https:\\\/\\\/www.gnosisxxi.mx\",\"https:\\\/\\\/www.linkedin.com\\\/in\\\/adriana-maldonado-jimnez-40b708b0\\\/\"],\"url\":\"https:\\\/\\\/www.gnosisxxi.mx\\\/es\\\/autor\\\/mtra-adriana-maldonado-jimenez-mba\\\/\"}]}<\/script>\n<!-- \/ Yoast SEO plugin. -->","yoast_head_json":{"title":"Dia mundial del C\u00e1ncer de Mama - Gnosis XXI","robots":{"index":"index","follow":"follow","max-snippet":"max-snippet:-1","max-image-preview":"max-image-preview:large","max-video-preview":"max-video-preview:-1"},"canonical":"https:\/\/www.gnosisxxi.mx\/es\/dia-mundial-del-cancer-de-mama\/","og_locale":"es_MX","og_type":"article","og_title":"Dia mundial del C\u00e1ncer de Mama - Gnosis XXI","og_url":"https:\/\/www.gnosisxxi.mx\/es\/dia-mundial-del-cancer-de-mama\/","og_site_name":"Gnosis XXI","article_published_time":"2023-10-20T01:33:02+00:00","article_modified_time":"2026-04-16T06:13:48+00:00","og_image":[{"url":"https:\/\/www.gnosisxxi.mx\/wp-content\/uploads\/2023\/10\/Diapositiva1-300x169.jpg","type":"","width":"","height":""}],"author":"Adriana Maldonado Jim\u00e9nez, MBA, MSc","twitter_card":"summary_large_image","twitter_misc":{"Escrito por":"Mtra. Adriana Maldonado Jim\u00e9nez, MBA","Tiempo de lectura":"1 minuto"},"schema":{"@context":"https:\/\/schema.org","@graph":[{"@type":"Article","@id":"https:\/\/www.gnosisxxi.mx\/es\/dia-mundial-del-cancer-de-mama\/#article","isPartOf":{"@id":"https:\/\/www.gnosisxxi.mx\/es\/dia-mundial-del-cancer-de-mama\/"},"author":{"name":"Adriana Maldonado Jim\u00e9nez, MBA, MSc","@id":"https:\/\/www.gnosisxxi.mx\/es\/#\/schema\/person\/d6c9a151f6e26a58c07293c0426c4ec0"},"headline":"Dia mundial del C\u00e1ncer de Mama","datePublished":"2023-10-20T01:33:02+00:00","dateModified":"2026-04-16T06:13:48+00:00","mainEntityOfPage":{"@id":"https:\/\/www.gnosisxxi.mx\/es\/dia-mundial-del-cancer-de-mama\/"},"wordCount":7,"commentCount":0,"image":{"@id":"https:\/\/www.gnosisxxi.mx\/es\/dia-mundial-del-cancer-de-mama\/#primaryimage"},"thumbnailUrl":"https:\/\/www.gnosisxxi.mx\/wp-content\/uploads\/2023\/10\/Diapositiva1-300x169.jpg","articleSection":["G\u00e9nero"],"inLanguage":"es","potentialAction":[{"@type":"CommentAction","name":"Comment","target":["https:\/\/www.gnosisxxi.mx\/es\/dia-mundial-del-cancer-de-mama\/#respond"]}]},{"@type":"WebPage","@id":"https:\/\/www.gnosisxxi.mx\/es\/dia-mundial-del-cancer-de-mama\/","url":"https:\/\/www.gnosisxxi.mx\/es\/dia-mundial-del-cancer-de-mama\/","name":"Dia mundial del C\u00e1ncer de Mama - Gnosis XXI","isPartOf":{"@id":"https:\/\/www.gnosisxxi.mx\/es\/#website"},"primaryImageOfPage":{"@id":"https:\/\/www.gnosisxxi.mx\/es\/dia-mundial-del-cancer-de-mama\/#primaryimage"},"image":{"@id":"https:\/\/www.gnosisxxi.mx\/es\/dia-mundial-del-cancer-de-mama\/#primaryimage"},"thumbnailUrl":"https:\/\/www.gnosisxxi.mx\/wp-content\/uploads\/2023\/10\/Diapositiva1-300x169.jpg","datePublished":"2023-10-20T01:33:02+00:00","dateModified":"2026-04-16T06:13:48+00:00","author":{"@id":"https:\/\/www.gnosisxxi.mx\/es\/#\/schema\/person\/d6c9a151f6e26a58c07293c0426c4ec0"},"breadcrumb":{"@id":"https:\/\/www.gnosisxxi.mx\/es\/dia-mundial-del-cancer-de-mama\/#breadcrumb"},"inLanguage":"es","potentialAction":[{"@type":"ReadAction","target":["https:\/\/www.gnosisxxi.mx\/es\/dia-mundial-del-cancer-de-mama\/"]}]},{"@type":"ImageObject","inLanguage":"es","@id":"https:\/\/www.gnosisxxi.mx\/es\/dia-mundial-del-cancer-de-mama\/#primaryimage","url":"https:\/\/www.gnosisxxi.mx\/wp-content\/uploads\/2023\/10\/Diapositiva1-300x169.jpg","contentUrl":"https:\/\/www.gnosisxxi.mx\/wp-content\/uploads\/2023\/10\/Diapositiva1-300x169.jpg"},{"@type":"BreadcrumbList","@id":"https:\/\/www.gnosisxxi.mx\/es\/dia-mundial-del-cancer-de-mama\/#breadcrumb","itemListElement":[{"@type":"ListItem","position":1,"name":"Inicio","item":"https:\/\/www.gnosisxxi.mx\/es\/"},{"@type":"ListItem","position":2,"name":"Dia mundial del C\u00e1ncer de Mama"}]},{"@type":"WebSite","@id":"https:\/\/www.gnosisxxi.mx\/es\/#website","url":"https:\/\/www.gnosisxxi.mx\/es\/","name":"Gnosis XXI","description":"Gnosis XXI aplicando el conocimiento y construyendo redes de apoyo para acompa\u00f1ar a las empresas y gobiernos a lograr el \u00e9xito en su prop\u00f3sito con eficiencia y efectividad.","potentialAction":[{"@type":"SearchAction","target":{"@type":"EntryPoint","urlTemplate":"https:\/\/www.gnosisxxi.mx\/es\/?s={search_term_string}"},"query-input":{"@type":"PropertyValueSpecification","valueRequired":true,"valueName":"search_term_string"}}],"inLanguage":"es"},{"@type":"Person","@id":"https:\/\/www.gnosisxxi.mx\/es\/#\/schema\/person\/d6c9a151f6e26a58c07293c0426c4ec0","name":"Adriana Maldonado Jim\u00e9nez, MBA, MSc","pronouns":"she\/her","image":{"@type":"ImageObject","inLanguage":"es","@id":"https:\/\/secure.gravatar.com\/avatar\/88fef5c9b059fe9f088526b4e13574c1a31a62be3e6f1f387935ffe2dab72766?s=96&d=mm&r=g","url":"https:\/\/secure.gravatar.com\/avatar\/88fef5c9b059fe9f088526b4e13574c1a31a62be3e6f1f387935ffe2dab72766?s=96&d=mm&r=g","contentUrl":"https:\/\/secure.gravatar.com\/avatar\/88fef5c9b059fe9f088526b4e13574c1a31a62be3e6f1f387935ffe2dab72766?s=96&d=mm&r=g","caption":"Adriana Maldonado Jim\u00e9nez, MBA, MSc"},"sameAs":["https:\/\/www.gnosisxxi.mx","https:\/\/www.linkedin.com\/in\/adriana-maldonado-jimnez-40b708b0\/"],"url":"https:\/\/www.gnosisxxi.mx\/es\/autor\/mtra-adriana-maldonado-jimenez-mba\/"}]}},"_links":{"self":[{"href":"https:\/\/www.gnosisxxi.mx\/es\/wp-json\/wp\/v2\/posts\/1409","targetHints":{"allow":["GET"]}}],"collection":[{"href":"https:\/\/www.gnosisxxi.mx\/es\/wp-json\/wp\/v2\/posts"}],"about":[{"href":"https:\/\/www.gnosisxxi.mx\/es\/wp-json\/wp\/v2\/types\/post"}],"author":[{"embeddable":true,"href":"https:\/\/www.gnosisxxi.mx\/es\/wp-json\/wp\/v2\/users\/3"}],"replies":[{"embeddable":true,"href":"https:\/\/www.gnosisxxi.mx\/es\/wp-json\/wp\/v2\/comments?post=1409"}],"version-history":[{"count":1,"href":"https:\/\/www.gnosisxxi.mx\/es\/wp-json\/wp\/v2\/posts\/1409\/revisions"}],"predecessor-version":[{"id":1412,"href":"https:\/\/www.gnosisxxi.mx\/es\/wp-json\/wp\/v2\/posts\/1409\/revisions\/1412"}],"wp:attachment":[{"href":"https:\/\/www.gnosisxxi.mx\/es\/wp-json\/wp\/v2\/media?parent=1409"}],"wp:term":[{"taxonomy":"category","embeddable":true,"href":"https:\/\/www.gnosisxxi.mx\/es\/wp-json\/wp\/v2\/categories?post=1409"},{"taxonomy":"post_tag","embeddable":true,"href":"https:\/\/www.gnosisxxi.mx\/es\/wp-json\/wp\/v2\/tags?post=1409"}],"curies":[{"name":"wp","href":"https:\/\/api.w.org\/{rel}","templated":true}]}}