{"id":1357,"date":"2023-04-17T22:08:13","date_gmt":"2023-04-18T03:08:13","guid":{"rendered":"https:\/\/www.gnosisxxi.mx\/?p=1357"},"modified":"2026-04-16T00:13:48","modified_gmt":"2026-04-16T06:13:48","slug":"economia-creativa-parte-iv-el-valor-agregado-de-la-tecnologia","status":"publish","type":"post","link":"https:\/\/www.gnosisxxi.mx\/es\/economia-creativa-parte-iv-el-valor-agregado-de-la-tecnologia\/","title":{"rendered":"Econom\u00eda Creativa (Parte IV) el valor agregado de la tecnolog\u00eda."},"content":{"rendered":"<p>La econom\u00eda creativa ha encontrado en la tecnolog\u00eda a su mejor aliado para potencializar la generaci\u00f3n de productos y servicios innovadores y altamente creativos para impactar en la experiencia del consumidor. En el arte con los museos digitales e interactivos, videomapping, museos y obras vivientes, eventos y festivales con una experiencia de luces y sonido, lugares hist\u00f3ricos interactivos y tours din\u00e1micos, uso de QR para ver los contenidos de las obras, y lo m\u00e1s exponencial en dise\u00f1o expresado en los videojuegos y el cine animado.<\/p>\n<p>Los pa\u00edses desarrollados han demostrado que desarrollar estrategias enfocadas en las industrias creativas pueden detonar productos y servicios para nuevas experiencias de los consumidores. Aqu\u00ed algunos ejemplos de lo que se puede disfrutar en el mundo: <a name=\"_Toc109334291\"><\/a><\/p>\n<ul>\n<li>MORI Building Digital Art Museum \u2013 Jap\u00f3n. Primer museo digital del mundo en Odiaba, Tokio inaugurado en el 2018. Se compone de cerca de 10 mil metros cuadrados con 520 computadoras y 470 proyectores para poder crear 60 obras con las que el p\u00fablico puede interactuar. Un museo que se transforma en cada estaci\u00f3n del a\u00f1o y nunca es el mismo.<\/li>\n<li><a name=\"_Toc109334292\"><\/a>Bj\u00f6rk Digital- M\u00fasica y Realidad Virtual \u2013 Islandia. Experiencia inmersiva con contenidos en sonido envolvente 360 y realidad virtual forman un viaje a trav\u00e9s de seis obras digitales. Las obras: black lake, stonemilker entre otras. Es una propuesta visual. En la Galer\u00eda Arte Binario su pudo experimentar con Biophilia, una propuesta interdisciplinaria de Bj\u00f6rk que contiene un \u00e1lbum musical, un proyecto educativo y una aplicaci\u00f3n multimedia para dispositivos m\u00f3viles, que explora las canciones del disco y permite conocer un universo digital.<a name=\"_Toc109334293\"><\/a><\/li>\n<li>La esencia de un cuadro. Un experiencia olfativa. (Museo del Prado, Madrid Espa\u00f1a).La exposici\u00f3n plant\u00f3 una forma diferente de apreciar el arte en donde el comisario Gregorio Sola Acad\u00e9mico del Perfume crea 10 aromas con la informaci\u00f3n hist\u00f3rica del cuadro \u201cEl Olfato\u201d de Jan Brueghel y Rubens, y as\u00ed a trav\u00e9s del sentido del olfato los visitantes viven lo que los artistas deseaban expresar. Con ello se abre una ventana al conocimiento profundo de la bot\u00e1nica de la \u00e9poca y del desarrollo de la perfumer\u00eda tambi\u00e9n de la \u00e9poca. En colaboraci\u00f3n con SAMSUNG, se pueden percibir los 10 aromas en un difusor totalmente digital.<\/li>\n<li>Van Gogh, una experiencia inmersiva. A trav\u00e9s de un recorrido visual 360\u00b0 permite que los visitantes puedan entrar en las obras de este peculiar artista con el uso de la tecnolog\u00eda en pantallas de 15,000 ft., y el uso de realidad virtual.\u00a0 Esta experiencia permite disfrutar de las pinturas usando los sentidos.<\/li>\n<li>Pinocho, la pel\u00edcula. Guillermo del Toro hace una extraordinaria creaci\u00f3n del cl\u00e1sico literario y que le dio la oportunidad de ganar el Oscar a la mejor pel\u00edcula animada; por medio del uso de la t\u00e9cnica de stop-motion para simular el movimiento de las figuras, tomadas por fotograf\u00eda cuadro a cuadro. Un conjunto de habilidades, t\u00e9cnica, creatividad, tecnolog\u00eda fotogr\u00e1fica y dise\u00f1o, sumado a arcilla y plastilina, que llevan al disfrute vivencial de una historia de \u00e9poca<\/li>\n<li>.<img loading=\"lazy\" decoding=\"async\" class=\"alignnone wp-image-1358\" src=\"https:\/\/www.gnosisxxi.mx\/wp-content\/uploads\/2023\/04\/part4-300x169.jpg\" alt=\"\" width=\"554\" height=\"312\" srcset=\"https:\/\/www.gnosisxxi.mx\/wp-content\/uploads\/2023\/04\/part4-300x169.jpg 300w, https:\/\/www.gnosisxxi.mx\/wp-content\/uploads\/2023\/04\/part4.jpg 589w\" sizes=\"auto, (max-width: 554px) 100vw, 554px\" \/><\/li>\n<\/ul>\n","protected":false},"excerpt":{"rendered":"<p>La econom\u00eda creativa ha encontrado en la tecnolog\u00eda a su mejor aliado para potencializar la generaci\u00f3n de productos y servicios innovadores y altamente creativos para impactar en la experiencia del consumidor. En el arte con los museos digitales e interactivos, videomapping, museos y obras vivientes, eventos y festivales con una experiencia de luces y sonido, [&hellip;]<\/p>\n","protected":false},"author":3,"featured_media":1331,"comment_status":"open","ping_status":"closed","sticky":false,"template":"","format":"standard","meta":{"footnotes":""},"categories":[16,14,12],"tags":[],"class_list":["post-1357","post","type-post","status-publish","format-standard","has-post-thumbnail","hentry","category-entorno-global","category-entorno-negocios","category-innovacion"],"yoast_head":"<!-- This site is optimized with the Yoast SEO plugin v27.4 - https:\/\/yoast.com\/product\/yoast-seo-wordpress\/ -->\n<title>Econom\u00eda Creativa (Parte IV) el valor agregado de la tecnolog\u00eda. - Gnosis XXI<\/title>\n<meta name=\"robots\" content=\"index, follow, max-snippet:-1, max-image-preview:large, max-video-preview:-1\" \/>\n<link rel=\"canonical\" href=\"https:\/\/www.gnosisxxi.mx\/es\/economia-creativa-parte-iv-el-valor-agregado-de-la-tecnologia\/\" \/>\n<meta property=\"og:locale\" content=\"es_MX\" \/>\n<meta property=\"og:type\" content=\"article\" \/>\n<meta property=\"og:title\" content=\"Econom\u00eda Creativa (Parte IV) el valor agregado de la tecnolog\u00eda. - Gnosis XXI\" \/>\n<meta property=\"og:description\" content=\"La econom\u00eda creativa ha encontrado en la tecnolog\u00eda a su mejor aliado para potencializar la generaci\u00f3n de productos y servicios innovadores y altamente creativos para impactar en la experiencia del consumidor. En el arte con los museos digitales e interactivos, videomapping, museos y obras vivientes, eventos y festivales con una experiencia de luces y sonido, [&hellip;]\" \/>\n<meta property=\"og:url\" content=\"https:\/\/www.gnosisxxi.mx\/es\/economia-creativa-parte-iv-el-valor-agregado-de-la-tecnologia\/\" \/>\n<meta property=\"og:site_name\" content=\"Gnosis XXI\" \/>\n<meta property=\"article:published_time\" content=\"2023-04-18T03:08:13+00:00\" \/>\n<meta property=\"article:modified_time\" content=\"2026-04-16T06:13:48+00:00\" \/>\n<meta property=\"og:image\" content=\"https:\/\/www.gnosisxxi.mx\/wp-content\/uploads\/2023\/03\/Imagen8.jpg\" \/>\n\t<meta property=\"og:image:width\" content=\"800\" \/>\n\t<meta property=\"og:image:height\" content=\"450\" \/>\n\t<meta property=\"og:image:type\" content=\"image\/jpeg\" \/>\n<meta name=\"author\" content=\"Adriana Maldonado Jim\u00e9nez, MBA, MSc\" \/>\n<meta name=\"twitter:card\" content=\"summary_large_image\" \/>\n<meta name=\"twitter:label1\" content=\"Escrito por\" \/>\n\t<meta name=\"twitter:data1\" content=\"Mtra. Adriana Maldonado Jim\u00e9nez, MBA\" \/>\n\t<meta name=\"twitter:label2\" content=\"Tiempo de lectura\" \/>\n\t<meta name=\"twitter:data2\" content=\"3 minutos\" \/>\n<script type=\"application\/ld+json\" class=\"yoast-schema-graph\">{\"@context\":\"https:\\\/\\\/schema.org\",\"@graph\":[{\"@type\":\"Article\",\"@id\":\"https:\\\/\\\/www.gnosisxxi.mx\\\/es\\\/economia-creativa-parte-iv-el-valor-agregado-de-la-tecnologia\\\/#article\",\"isPartOf\":{\"@id\":\"https:\\\/\\\/www.gnosisxxi.mx\\\/es\\\/economia-creativa-parte-iv-el-valor-agregado-de-la-tecnologia\\\/\"},\"author\":{\"name\":\"Adriana Maldonado Jim\u00e9nez, MBA, MSc\",\"@id\":\"https:\\\/\\\/www.gnosisxxi.mx\\\/es\\\/#\\\/schema\\\/person\\\/d6c9a151f6e26a58c07293c0426c4ec0\"},\"headline\":\"Econom\u00eda Creativa (Parte IV) el valor agregado de la tecnolog\u00eda.\",\"datePublished\":\"2023-04-18T03:08:13+00:00\",\"dateModified\":\"2026-04-16T06:13:48+00:00\",\"mainEntityOfPage\":{\"@id\":\"https:\\\/\\\/www.gnosisxxi.mx\\\/es\\\/economia-creativa-parte-iv-el-valor-agregado-de-la-tecnologia\\\/\"},\"wordCount\":536,\"commentCount\":0,\"image\":{\"@id\":\"https:\\\/\\\/www.gnosisxxi.mx\\\/es\\\/economia-creativa-parte-iv-el-valor-agregado-de-la-tecnologia\\\/#primaryimage\"},\"thumbnailUrl\":\"https:\\\/\\\/www.gnosisxxi.mx\\\/wp-content\\\/uploads\\\/2023\\\/03\\\/Imagen8.jpg\",\"articleSection\":[\"Entorno global\",\"Entorno negocios\",\"Innovaci\u00f3n\"],\"inLanguage\":\"es\",\"potentialAction\":[{\"@type\":\"CommentAction\",\"name\":\"Comment\",\"target\":[\"https:\\\/\\\/www.gnosisxxi.mx\\\/es\\\/economia-creativa-parte-iv-el-valor-agregado-de-la-tecnologia\\\/#respond\"]}]},{\"@type\":\"WebPage\",\"@id\":\"https:\\\/\\\/www.gnosisxxi.mx\\\/es\\\/economia-creativa-parte-iv-el-valor-agregado-de-la-tecnologia\\\/\",\"url\":\"https:\\\/\\\/www.gnosisxxi.mx\\\/es\\\/economia-creativa-parte-iv-el-valor-agregado-de-la-tecnologia\\\/\",\"name\":\"Econom\u00eda Creativa (Parte IV) el valor agregado de la tecnolog\u00eda. - Gnosis XXI\",\"isPartOf\":{\"@id\":\"https:\\\/\\\/www.gnosisxxi.mx\\\/es\\\/#website\"},\"primaryImageOfPage\":{\"@id\":\"https:\\\/\\\/www.gnosisxxi.mx\\\/es\\\/economia-creativa-parte-iv-el-valor-agregado-de-la-tecnologia\\\/#primaryimage\"},\"image\":{\"@id\":\"https:\\\/\\\/www.gnosisxxi.mx\\\/es\\\/economia-creativa-parte-iv-el-valor-agregado-de-la-tecnologia\\\/#primaryimage\"},\"thumbnailUrl\":\"https:\\\/\\\/www.gnosisxxi.mx\\\/wp-content\\\/uploads\\\/2023\\\/03\\\/Imagen8.jpg\",\"datePublished\":\"2023-04-18T03:08:13+00:00\",\"dateModified\":\"2026-04-16T06:13:48+00:00\",\"author\":{\"@id\":\"https:\\\/\\\/www.gnosisxxi.mx\\\/es\\\/#\\\/schema\\\/person\\\/d6c9a151f6e26a58c07293c0426c4ec0\"},\"breadcrumb\":{\"@id\":\"https:\\\/\\\/www.gnosisxxi.mx\\\/es\\\/economia-creativa-parte-iv-el-valor-agregado-de-la-tecnologia\\\/#breadcrumb\"},\"inLanguage\":\"es\",\"potentialAction\":[{\"@type\":\"ReadAction\",\"target\":[\"https:\\\/\\\/www.gnosisxxi.mx\\\/es\\\/economia-creativa-parte-iv-el-valor-agregado-de-la-tecnologia\\\/\"]}]},{\"@type\":\"ImageObject\",\"inLanguage\":\"es\",\"@id\":\"https:\\\/\\\/www.gnosisxxi.mx\\\/es\\\/economia-creativa-parte-iv-el-valor-agregado-de-la-tecnologia\\\/#primaryimage\",\"url\":\"https:\\\/\\\/www.gnosisxxi.mx\\\/wp-content\\\/uploads\\\/2023\\\/03\\\/Imagen8.jpg\",\"contentUrl\":\"https:\\\/\\\/www.gnosisxxi.mx\\\/wp-content\\\/uploads\\\/2023\\\/03\\\/Imagen8.jpg\",\"width\":800,\"height\":450},{\"@type\":\"BreadcrumbList\",\"@id\":\"https:\\\/\\\/www.gnosisxxi.mx\\\/es\\\/economia-creativa-parte-iv-el-valor-agregado-de-la-tecnologia\\\/#breadcrumb\",\"itemListElement\":[{\"@type\":\"ListItem\",\"position\":1,\"name\":\"Inicio\",\"item\":\"https:\\\/\\\/www.gnosisxxi.mx\\\/es\\\/\"},{\"@type\":\"ListItem\",\"position\":2,\"name\":\"Econom\u00eda Creativa (Parte IV) el valor agregado de la tecnolog\u00eda.\"}]},{\"@type\":\"WebSite\",\"@id\":\"https:\\\/\\\/www.gnosisxxi.mx\\\/es\\\/#website\",\"url\":\"https:\\\/\\\/www.gnosisxxi.mx\\\/es\\\/\",\"name\":\"Gnosis XXI\",\"description\":\"Gnosis XXI aplicando el conocimiento y construyendo redes de apoyo para acompa\u00f1ar a las empresas y gobiernos a lograr el \u00e9xito en su prop\u00f3sito con eficiencia y efectividad.\",\"potentialAction\":[{\"@type\":\"SearchAction\",\"target\":{\"@type\":\"EntryPoint\",\"urlTemplate\":\"https:\\\/\\\/www.gnosisxxi.mx\\\/es\\\/?s={search_term_string}\"},\"query-input\":{\"@type\":\"PropertyValueSpecification\",\"valueRequired\":true,\"valueName\":\"search_term_string\"}}],\"inLanguage\":\"es\"},{\"@type\":\"Person\",\"@id\":\"https:\\\/\\\/www.gnosisxxi.mx\\\/es\\\/#\\\/schema\\\/person\\\/d6c9a151f6e26a58c07293c0426c4ec0\",\"name\":\"Adriana Maldonado Jim\u00e9nez, MBA, MSc\",\"pronouns\":\"she\\\/her\",\"image\":{\"@type\":\"ImageObject\",\"inLanguage\":\"es\",\"@id\":\"https:\\\/\\\/secure.gravatar.com\\\/avatar\\\/88fef5c9b059fe9f088526b4e13574c1a31a62be3e6f1f387935ffe2dab72766?s=96&d=mm&r=g\",\"url\":\"https:\\\/\\\/secure.gravatar.com\\\/avatar\\\/88fef5c9b059fe9f088526b4e13574c1a31a62be3e6f1f387935ffe2dab72766?s=96&d=mm&r=g\",\"contentUrl\":\"https:\\\/\\\/secure.gravatar.com\\\/avatar\\\/88fef5c9b059fe9f088526b4e13574c1a31a62be3e6f1f387935ffe2dab72766?s=96&d=mm&r=g\",\"caption\":\"Adriana Maldonado Jim\u00e9nez, MBA, MSc\"},\"sameAs\":[\"https:\\\/\\\/www.gnosisxxi.mx\",\"https:\\\/\\\/www.linkedin.com\\\/in\\\/adriana-maldonado-jimnez-40b708b0\\\/\"],\"url\":\"https:\\\/\\\/www.gnosisxxi.mx\\\/es\\\/autor\\\/mtra-adriana-maldonado-jimenez-mba\\\/\"}]}<\/script>\n<!-- \/ Yoast SEO plugin. -->","yoast_head_json":{"title":"Econom\u00eda Creativa (Parte IV) el valor agregado de la tecnolog\u00eda. - Gnosis XXI","robots":{"index":"index","follow":"follow","max-snippet":"max-snippet:-1","max-image-preview":"max-image-preview:large","max-video-preview":"max-video-preview:-1"},"canonical":"https:\/\/www.gnosisxxi.mx\/es\/economia-creativa-parte-iv-el-valor-agregado-de-la-tecnologia\/","og_locale":"es_MX","og_type":"article","og_title":"Econom\u00eda Creativa (Parte IV) el valor agregado de la tecnolog\u00eda. - Gnosis XXI","og_description":"La econom\u00eda creativa ha encontrado en la tecnolog\u00eda a su mejor aliado para potencializar la generaci\u00f3n de productos y servicios innovadores y altamente creativos para impactar en la experiencia del consumidor. En el arte con los museos digitales e interactivos, videomapping, museos y obras vivientes, eventos y festivales con una experiencia de luces y sonido, [&hellip;]","og_url":"https:\/\/www.gnosisxxi.mx\/es\/economia-creativa-parte-iv-el-valor-agregado-de-la-tecnologia\/","og_site_name":"Gnosis XXI","article_published_time":"2023-04-18T03:08:13+00:00","article_modified_time":"2026-04-16T06:13:48+00:00","og_image":[{"width":800,"height":450,"url":"https:\/\/www.gnosisxxi.mx\/wp-content\/uploads\/2023\/03\/Imagen8.jpg","type":"image\/jpeg"}],"author":"Adriana Maldonado Jim\u00e9nez, MBA, MSc","twitter_card":"summary_large_image","twitter_misc":{"Escrito por":"Mtra. Adriana Maldonado Jim\u00e9nez, MBA","Tiempo de lectura":"3 minutos"},"schema":{"@context":"https:\/\/schema.org","@graph":[{"@type":"Article","@id":"https:\/\/www.gnosisxxi.mx\/es\/economia-creativa-parte-iv-el-valor-agregado-de-la-tecnologia\/#article","isPartOf":{"@id":"https:\/\/www.gnosisxxi.mx\/es\/economia-creativa-parte-iv-el-valor-agregado-de-la-tecnologia\/"},"author":{"name":"Adriana Maldonado Jim\u00e9nez, MBA, MSc","@id":"https:\/\/www.gnosisxxi.mx\/es\/#\/schema\/person\/d6c9a151f6e26a58c07293c0426c4ec0"},"headline":"Econom\u00eda Creativa (Parte IV) el valor agregado de la tecnolog\u00eda.","datePublished":"2023-04-18T03:08:13+00:00","dateModified":"2026-04-16T06:13:48+00:00","mainEntityOfPage":{"@id":"https:\/\/www.gnosisxxi.mx\/es\/economia-creativa-parte-iv-el-valor-agregado-de-la-tecnologia\/"},"wordCount":536,"commentCount":0,"image":{"@id":"https:\/\/www.gnosisxxi.mx\/es\/economia-creativa-parte-iv-el-valor-agregado-de-la-tecnologia\/#primaryimage"},"thumbnailUrl":"https:\/\/www.gnosisxxi.mx\/wp-content\/uploads\/2023\/03\/Imagen8.jpg","articleSection":["Entorno global","Entorno negocios","Innovaci\u00f3n"],"inLanguage":"es","potentialAction":[{"@type":"CommentAction","name":"Comment","target":["https:\/\/www.gnosisxxi.mx\/es\/economia-creativa-parte-iv-el-valor-agregado-de-la-tecnologia\/#respond"]}]},{"@type":"WebPage","@id":"https:\/\/www.gnosisxxi.mx\/es\/economia-creativa-parte-iv-el-valor-agregado-de-la-tecnologia\/","url":"https:\/\/www.gnosisxxi.mx\/es\/economia-creativa-parte-iv-el-valor-agregado-de-la-tecnologia\/","name":"Econom\u00eda Creativa (Parte IV) el valor agregado de la tecnolog\u00eda. - Gnosis XXI","isPartOf":{"@id":"https:\/\/www.gnosisxxi.mx\/es\/#website"},"primaryImageOfPage":{"@id":"https:\/\/www.gnosisxxi.mx\/es\/economia-creativa-parte-iv-el-valor-agregado-de-la-tecnologia\/#primaryimage"},"image":{"@id":"https:\/\/www.gnosisxxi.mx\/es\/economia-creativa-parte-iv-el-valor-agregado-de-la-tecnologia\/#primaryimage"},"thumbnailUrl":"https:\/\/www.gnosisxxi.mx\/wp-content\/uploads\/2023\/03\/Imagen8.jpg","datePublished":"2023-04-18T03:08:13+00:00","dateModified":"2026-04-16T06:13:48+00:00","author":{"@id":"https:\/\/www.gnosisxxi.mx\/es\/#\/schema\/person\/d6c9a151f6e26a58c07293c0426c4ec0"},"breadcrumb":{"@id":"https:\/\/www.gnosisxxi.mx\/es\/economia-creativa-parte-iv-el-valor-agregado-de-la-tecnologia\/#breadcrumb"},"inLanguage":"es","potentialAction":[{"@type":"ReadAction","target":["https:\/\/www.gnosisxxi.mx\/es\/economia-creativa-parte-iv-el-valor-agregado-de-la-tecnologia\/"]}]},{"@type":"ImageObject","inLanguage":"es","@id":"https:\/\/www.gnosisxxi.mx\/es\/economia-creativa-parte-iv-el-valor-agregado-de-la-tecnologia\/#primaryimage","url":"https:\/\/www.gnosisxxi.mx\/wp-content\/uploads\/2023\/03\/Imagen8.jpg","contentUrl":"https:\/\/www.gnosisxxi.mx\/wp-content\/uploads\/2023\/03\/Imagen8.jpg","width":800,"height":450},{"@type":"BreadcrumbList","@id":"https:\/\/www.gnosisxxi.mx\/es\/economia-creativa-parte-iv-el-valor-agregado-de-la-tecnologia\/#breadcrumb","itemListElement":[{"@type":"ListItem","position":1,"name":"Inicio","item":"https:\/\/www.gnosisxxi.mx\/es\/"},{"@type":"ListItem","position":2,"name":"Econom\u00eda Creativa (Parte IV) el valor agregado de la tecnolog\u00eda."}]},{"@type":"WebSite","@id":"https:\/\/www.gnosisxxi.mx\/es\/#website","url":"https:\/\/www.gnosisxxi.mx\/es\/","name":"Gnosis XXI","description":"Gnosis XXI aplicando el conocimiento y construyendo redes de apoyo para acompa\u00f1ar a las empresas y gobiernos a lograr el \u00e9xito en su prop\u00f3sito con eficiencia y efectividad.","potentialAction":[{"@type":"SearchAction","target":{"@type":"EntryPoint","urlTemplate":"https:\/\/www.gnosisxxi.mx\/es\/?s={search_term_string}"},"query-input":{"@type":"PropertyValueSpecification","valueRequired":true,"valueName":"search_term_string"}}],"inLanguage":"es"},{"@type":"Person","@id":"https:\/\/www.gnosisxxi.mx\/es\/#\/schema\/person\/d6c9a151f6e26a58c07293c0426c4ec0","name":"Adriana Maldonado Jim\u00e9nez, MBA, MSc","pronouns":"she\/her","image":{"@type":"ImageObject","inLanguage":"es","@id":"https:\/\/secure.gravatar.com\/avatar\/88fef5c9b059fe9f088526b4e13574c1a31a62be3e6f1f387935ffe2dab72766?s=96&d=mm&r=g","url":"https:\/\/secure.gravatar.com\/avatar\/88fef5c9b059fe9f088526b4e13574c1a31a62be3e6f1f387935ffe2dab72766?s=96&d=mm&r=g","contentUrl":"https:\/\/secure.gravatar.com\/avatar\/88fef5c9b059fe9f088526b4e13574c1a31a62be3e6f1f387935ffe2dab72766?s=96&d=mm&r=g","caption":"Adriana Maldonado Jim\u00e9nez, MBA, MSc"},"sameAs":["https:\/\/www.gnosisxxi.mx","https:\/\/www.linkedin.com\/in\/adriana-maldonado-jimnez-40b708b0\/"],"url":"https:\/\/www.gnosisxxi.mx\/es\/autor\/mtra-adriana-maldonado-jimenez-mba\/"}]}},"_links":{"self":[{"href":"https:\/\/www.gnosisxxi.mx\/es\/wp-json\/wp\/v2\/posts\/1357","targetHints":{"allow":["GET"]}}],"collection":[{"href":"https:\/\/www.gnosisxxi.mx\/es\/wp-json\/wp\/v2\/posts"}],"about":[{"href":"https:\/\/www.gnosisxxi.mx\/es\/wp-json\/wp\/v2\/types\/post"}],"author":[{"embeddable":true,"href":"https:\/\/www.gnosisxxi.mx\/es\/wp-json\/wp\/v2\/users\/3"}],"replies":[{"embeddable":true,"href":"https:\/\/www.gnosisxxi.mx\/es\/wp-json\/wp\/v2\/comments?post=1357"}],"version-history":[{"count":1,"href":"https:\/\/www.gnosisxxi.mx\/es\/wp-json\/wp\/v2\/posts\/1357\/revisions"}],"predecessor-version":[{"id":1362,"href":"https:\/\/www.gnosisxxi.mx\/es\/wp-json\/wp\/v2\/posts\/1357\/revisions\/1362"}],"wp:featuredmedia":[{"embeddable":true,"href":"https:\/\/www.gnosisxxi.mx\/es\/wp-json\/wp\/v2\/media\/1331"}],"wp:attachment":[{"href":"https:\/\/www.gnosisxxi.mx\/es\/wp-json\/wp\/v2\/media?parent=1357"}],"wp:term":[{"taxonomy":"category","embeddable":true,"href":"https:\/\/www.gnosisxxi.mx\/es\/wp-json\/wp\/v2\/categories?post=1357"},{"taxonomy":"post_tag","embeddable":true,"href":"https:\/\/www.gnosisxxi.mx\/es\/wp-json\/wp\/v2\/tags?post=1357"}],"curies":[{"name":"wp","href":"https:\/\/api.w.org\/{rel}","templated":true}]}}