{"id":1095,"date":"2020-12-02T23:19:01","date_gmt":"2020-12-03T05:19:01","guid":{"rendered":"http:\/\/www.gnosisxxi.mx\/?p=1095"},"modified":"2026-04-16T00:13:50","modified_gmt":"2026-04-16T06:13:50","slug":"la-pandemia-en-salud-mental-del-siglo-xxi","status":"publish","type":"post","link":"https:\/\/www.gnosisxxi.mx\/es\/la-pandemia-en-salud-mental-del-siglo-xxi\/","title":{"rendered":"La pandemia en salud mental del siglo XXI"},"content":{"rendered":"<p>Hoy tuve la oportunidad de participar en una charla con mi gran amigo Mauricio Zerme\u00f1o sobre una condici\u00f3n mental que se ha puesto sobre la mesa a prop\u00f3sito de las consecuencias que ha tra\u00eddo\u00a0 la pandemia: el narcisismo.<\/p>\n<p>De acuerdo a lo comentado en esta charla, es frecuente que el t\u00e9rmino narcisista se confunda con aquella persona que le gusta verse bien y que por lo tanto se cuida mucho&#8230;y la realidad va mucho m\u00e1s all\u00e1 de esto. La condici\u00f3n mental de una persona (hombre o mujer) narcisista esta vinculado con la violencia y con su poder destructivo de las personas a su alrededor. La violencia va desde la sutil manipulaci\u00f3n y puede pasar por todos los niveles hasta la violencia verbal, psicol\u00f3gica y f\u00edsica.<\/p>\n<p>En el tema de violencia de g\u00e9nero, es altamente probable que muchos casos de violencia se hayan ejercido por una pareja narcisista, dentro del n\u00facleo familiar o desde el noviazgo, y es aqu\u00ed en donde hay que comenzar a reflexionar&#8230; \u00bfc\u00f3mo saber si estamos con una pareja con esa condici\u00f3n mental? Pues Mauricio es muy contundente &#8220;&#8230;la violencia es violencia, sin importar de donde viene, desde los padres, hermanos, t\u00edos, dem\u00e1s familiares, amigos, sacerdotes, etc.,&#8230; y ante eso la \u00fanica opci\u00f3n es alejarse y denunciar&#8221;.<\/p>\n<p>La cultura mexicana y la forma en que de desenvuelven las familias, es com\u00fan que &#8220;normalice&#8221; la violencia dentro del n\u00facleo familiar, por lo que no es de extra\u00f1ar que una mujer que ha sido tratada con violencia en su familia, despu\u00e9s caiga con una pareja con condici\u00f3n narcisista y tambi\u00e9n esta nueva vida se normalice.<\/p>\n<p>Te invito a reflexionar&#8230; si crees que estas en una relaci\u00f3n de este tipo, pide ayuda, ya que los narcisistas nunca aceptar\u00e1n que ellos est\u00e1n mal&#8230;todos los dem\u00e1s est\u00e1n mal!<\/p>\n<p>Como dice mi querido Mauricio Zerme\u00f1o: cu\u00e1ntas rebanadas de pastel necesitas comer para saber que el pastel es de chocolate&#8230;cu\u00e1ntos episodios de violencia necesitas experimentar para saber que es violencia&#8230;<\/p>\n<p>&nbsp;<\/p>\n<p>Para m\u00e1s informaci\u00f3n sobre este tema visita la p\u00e1gina<\/p>\n<p><a href=\"https:\/\/www.toxicologyofpersonality.com\/blog\">https:\/\/www.toxicologyofpersonality.com\/blog<\/a><\/p>\n<p>&nbsp;<\/p>\n","protected":false},"excerpt":{"rendered":"<p>Hoy tuve la oportunidad de participar en una charla con mi gran amigo Mauricio Zerme\u00f1o sobre una condici\u00f3n mental que se ha puesto sobre la mesa a prop\u00f3sito de las consecuencias que ha tra\u00eddo\u00a0 la pandemia: el narcisismo. De acuerdo a lo comentado en esta charla, es frecuente que el t\u00e9rmino narcisista se confunda con [&hellip;]<\/p>\n","protected":false},"author":3,"featured_media":0,"comment_status":"open","ping_status":"open","sticky":false,"template":"","format":"standard","meta":{"footnotes":""},"categories":[18],"tags":[],"class_list":["post-1095","post","type-post","status-publish","format-standard","hentry","category-genero"],"yoast_head":"<!-- This site is optimized with the Yoast SEO plugin v27.4 - https:\/\/yoast.com\/product\/yoast-seo-wordpress\/ -->\n<title>La pandemia en salud mental del siglo XXI - Gnosis XXI<\/title>\n<meta name=\"robots\" content=\"index, follow, max-snippet:-1, max-image-preview:large, max-video-preview:-1\" \/>\n<link rel=\"canonical\" href=\"https:\/\/www.gnosisxxi.mx\/es\/la-pandemia-en-salud-mental-del-siglo-xxi\/\" \/>\n<meta property=\"og:locale\" content=\"es_MX\" \/>\n<meta property=\"og:type\" content=\"article\" \/>\n<meta property=\"og:title\" content=\"La pandemia en salud mental del siglo XXI - Gnosis XXI\" \/>\n<meta property=\"og:description\" content=\"Hoy tuve la oportunidad de participar en una charla con mi gran amigo Mauricio Zerme\u00f1o sobre una condici\u00f3n mental que se ha puesto sobre la mesa a prop\u00f3sito de las consecuencias que ha tra\u00eddo\u00a0 la pandemia: el narcisismo. De acuerdo a lo comentado en esta charla, es frecuente que el t\u00e9rmino narcisista se confunda con [&hellip;]\" \/>\n<meta property=\"og:url\" content=\"https:\/\/www.gnosisxxi.mx\/es\/la-pandemia-en-salud-mental-del-siglo-xxi\/\" \/>\n<meta property=\"og:site_name\" content=\"Gnosis XXI\" \/>\n<meta property=\"article:published_time\" content=\"2020-12-03T05:19:01+00:00\" \/>\n<meta property=\"article:modified_time\" content=\"2026-04-16T06:13:50+00:00\" \/>\n<meta name=\"author\" content=\"Adriana Maldonado Jim\u00e9nez, MBA, MSc\" \/>\n<meta name=\"twitter:card\" content=\"summary_large_image\" \/>\n<meta name=\"twitter:label1\" content=\"Escrito por\" \/>\n\t<meta name=\"twitter:data1\" content=\"Mtra. Adriana Maldonado Jim\u00e9nez, MBA\" \/>\n\t<meta name=\"twitter:label2\" content=\"Tiempo de lectura\" \/>\n\t<meta name=\"twitter:data2\" content=\"2 minutos\" \/>\n<script type=\"application\/ld+json\" class=\"yoast-schema-graph\">{\"@context\":\"https:\\\/\\\/schema.org\",\"@graph\":[{\"@type\":\"Article\",\"@id\":\"https:\\\/\\\/www.gnosisxxi.mx\\\/es\\\/la-pandemia-en-salud-mental-del-siglo-xxi\\\/#article\",\"isPartOf\":{\"@id\":\"https:\\\/\\\/www.gnosisxxi.mx\\\/es\\\/la-pandemia-en-salud-mental-del-siglo-xxi\\\/\"},\"author\":{\"name\":\"Adriana Maldonado Jim\u00e9nez, MBA, MSc\",\"@id\":\"https:\\\/\\\/www.gnosisxxi.mx\\\/es\\\/#\\\/schema\\\/person\\\/d6c9a151f6e26a58c07293c0426c4ec0\"},\"headline\":\"La pandemia en salud mental del siglo XXI\",\"datePublished\":\"2020-12-03T05:19:01+00:00\",\"dateModified\":\"2026-04-16T06:13:50+00:00\",\"mainEntityOfPage\":{\"@id\":\"https:\\\/\\\/www.gnosisxxi.mx\\\/es\\\/la-pandemia-en-salud-mental-del-siglo-xxi\\\/\"},\"wordCount\":387,\"commentCount\":0,\"articleSection\":[\"G\u00e9nero\"],\"inLanguage\":\"es\",\"potentialAction\":[{\"@type\":\"CommentAction\",\"name\":\"Comment\",\"target\":[\"https:\\\/\\\/www.gnosisxxi.mx\\\/es\\\/la-pandemia-en-salud-mental-del-siglo-xxi\\\/#respond\"]}]},{\"@type\":\"WebPage\",\"@id\":\"https:\\\/\\\/www.gnosisxxi.mx\\\/es\\\/la-pandemia-en-salud-mental-del-siglo-xxi\\\/\",\"url\":\"https:\\\/\\\/www.gnosisxxi.mx\\\/es\\\/la-pandemia-en-salud-mental-del-siglo-xxi\\\/\",\"name\":\"La pandemia en salud mental del siglo XXI - Gnosis XXI\",\"isPartOf\":{\"@id\":\"https:\\\/\\\/www.gnosisxxi.mx\\\/es\\\/#website\"},\"datePublished\":\"2020-12-03T05:19:01+00:00\",\"dateModified\":\"2026-04-16T06:13:50+00:00\",\"author\":{\"@id\":\"https:\\\/\\\/www.gnosisxxi.mx\\\/es\\\/#\\\/schema\\\/person\\\/d6c9a151f6e26a58c07293c0426c4ec0\"},\"breadcrumb\":{\"@id\":\"https:\\\/\\\/www.gnosisxxi.mx\\\/es\\\/la-pandemia-en-salud-mental-del-siglo-xxi\\\/#breadcrumb\"},\"inLanguage\":\"es\",\"potentialAction\":[{\"@type\":\"ReadAction\",\"target\":[\"https:\\\/\\\/www.gnosisxxi.mx\\\/es\\\/la-pandemia-en-salud-mental-del-siglo-xxi\\\/\"]}]},{\"@type\":\"BreadcrumbList\",\"@id\":\"https:\\\/\\\/www.gnosisxxi.mx\\\/es\\\/la-pandemia-en-salud-mental-del-siglo-xxi\\\/#breadcrumb\",\"itemListElement\":[{\"@type\":\"ListItem\",\"position\":1,\"name\":\"Inicio\",\"item\":\"https:\\\/\\\/www.gnosisxxi.mx\\\/es\\\/\"},{\"@type\":\"ListItem\",\"position\":2,\"name\":\"La pandemia en salud mental del siglo XXI\"}]},{\"@type\":\"WebSite\",\"@id\":\"https:\\\/\\\/www.gnosisxxi.mx\\\/es\\\/#website\",\"url\":\"https:\\\/\\\/www.gnosisxxi.mx\\\/es\\\/\",\"name\":\"Gnosis XXI\",\"description\":\"Gnosis XXI aplicando el conocimiento y construyendo redes de apoyo para acompa\u00f1ar a las empresas y gobiernos a lograr el \u00e9xito en su prop\u00f3sito con eficiencia y efectividad.\",\"potentialAction\":[{\"@type\":\"SearchAction\",\"target\":{\"@type\":\"EntryPoint\",\"urlTemplate\":\"https:\\\/\\\/www.gnosisxxi.mx\\\/es\\\/?s={search_term_string}\"},\"query-input\":{\"@type\":\"PropertyValueSpecification\",\"valueRequired\":true,\"valueName\":\"search_term_string\"}}],\"inLanguage\":\"es\"},{\"@type\":\"Person\",\"@id\":\"https:\\\/\\\/www.gnosisxxi.mx\\\/es\\\/#\\\/schema\\\/person\\\/d6c9a151f6e26a58c07293c0426c4ec0\",\"name\":\"Adriana Maldonado Jim\u00e9nez, MBA, MSc\",\"pronouns\":\"she\\\/her\",\"image\":{\"@type\":\"ImageObject\",\"inLanguage\":\"es\",\"@id\":\"https:\\\/\\\/secure.gravatar.com\\\/avatar\\\/88fef5c9b059fe9f088526b4e13574c1a31a62be3e6f1f387935ffe2dab72766?s=96&d=mm&r=g\",\"url\":\"https:\\\/\\\/secure.gravatar.com\\\/avatar\\\/88fef5c9b059fe9f088526b4e13574c1a31a62be3e6f1f387935ffe2dab72766?s=96&d=mm&r=g\",\"contentUrl\":\"https:\\\/\\\/secure.gravatar.com\\\/avatar\\\/88fef5c9b059fe9f088526b4e13574c1a31a62be3e6f1f387935ffe2dab72766?s=96&d=mm&r=g\",\"caption\":\"Adriana Maldonado Jim\u00e9nez, MBA, MSc\"},\"sameAs\":[\"https:\\\/\\\/www.gnosisxxi.mx\",\"https:\\\/\\\/www.linkedin.com\\\/in\\\/adriana-maldonado-jimnez-40b708b0\\\/\"],\"url\":\"https:\\\/\\\/www.gnosisxxi.mx\\\/es\\\/autor\\\/mtra-adriana-maldonado-jimenez-mba\\\/\"}]}<\/script>\n<!-- \/ Yoast SEO plugin. -->","yoast_head_json":{"title":"La pandemia en salud mental del siglo XXI - Gnosis XXI","robots":{"index":"index","follow":"follow","max-snippet":"max-snippet:-1","max-image-preview":"max-image-preview:large","max-video-preview":"max-video-preview:-1"},"canonical":"https:\/\/www.gnosisxxi.mx\/es\/la-pandemia-en-salud-mental-del-siglo-xxi\/","og_locale":"es_MX","og_type":"article","og_title":"La pandemia en salud mental del siglo XXI - Gnosis XXI","og_description":"Hoy tuve la oportunidad de participar en una charla con mi gran amigo Mauricio Zerme\u00f1o sobre una condici\u00f3n mental que se ha puesto sobre la mesa a prop\u00f3sito de las consecuencias que ha tra\u00eddo\u00a0 la pandemia: el narcisismo. De acuerdo a lo comentado en esta charla, es frecuente que el t\u00e9rmino narcisista se confunda con [&hellip;]","og_url":"https:\/\/www.gnosisxxi.mx\/es\/la-pandemia-en-salud-mental-del-siglo-xxi\/","og_site_name":"Gnosis XXI","article_published_time":"2020-12-03T05:19:01+00:00","article_modified_time":"2026-04-16T06:13:50+00:00","author":"Adriana Maldonado Jim\u00e9nez, MBA, MSc","twitter_card":"summary_large_image","twitter_misc":{"Escrito por":"Mtra. Adriana Maldonado Jim\u00e9nez, MBA","Tiempo de lectura":"2 minutos"},"schema":{"@context":"https:\/\/schema.org","@graph":[{"@type":"Article","@id":"https:\/\/www.gnosisxxi.mx\/es\/la-pandemia-en-salud-mental-del-siglo-xxi\/#article","isPartOf":{"@id":"https:\/\/www.gnosisxxi.mx\/es\/la-pandemia-en-salud-mental-del-siglo-xxi\/"},"author":{"name":"Adriana Maldonado Jim\u00e9nez, MBA, MSc","@id":"https:\/\/www.gnosisxxi.mx\/es\/#\/schema\/person\/d6c9a151f6e26a58c07293c0426c4ec0"},"headline":"La pandemia en salud mental del siglo XXI","datePublished":"2020-12-03T05:19:01+00:00","dateModified":"2026-04-16T06:13:50+00:00","mainEntityOfPage":{"@id":"https:\/\/www.gnosisxxi.mx\/es\/la-pandemia-en-salud-mental-del-siglo-xxi\/"},"wordCount":387,"commentCount":0,"articleSection":["G\u00e9nero"],"inLanguage":"es","potentialAction":[{"@type":"CommentAction","name":"Comment","target":["https:\/\/www.gnosisxxi.mx\/es\/la-pandemia-en-salud-mental-del-siglo-xxi\/#respond"]}]},{"@type":"WebPage","@id":"https:\/\/www.gnosisxxi.mx\/es\/la-pandemia-en-salud-mental-del-siglo-xxi\/","url":"https:\/\/www.gnosisxxi.mx\/es\/la-pandemia-en-salud-mental-del-siglo-xxi\/","name":"La pandemia en salud mental del siglo XXI - Gnosis XXI","isPartOf":{"@id":"https:\/\/www.gnosisxxi.mx\/es\/#website"},"datePublished":"2020-12-03T05:19:01+00:00","dateModified":"2026-04-16T06:13:50+00:00","author":{"@id":"https:\/\/www.gnosisxxi.mx\/es\/#\/schema\/person\/d6c9a151f6e26a58c07293c0426c4ec0"},"breadcrumb":{"@id":"https:\/\/www.gnosisxxi.mx\/es\/la-pandemia-en-salud-mental-del-siglo-xxi\/#breadcrumb"},"inLanguage":"es","potentialAction":[{"@type":"ReadAction","target":["https:\/\/www.gnosisxxi.mx\/es\/la-pandemia-en-salud-mental-del-siglo-xxi\/"]}]},{"@type":"BreadcrumbList","@id":"https:\/\/www.gnosisxxi.mx\/es\/la-pandemia-en-salud-mental-del-siglo-xxi\/#breadcrumb","itemListElement":[{"@type":"ListItem","position":1,"name":"Inicio","item":"https:\/\/www.gnosisxxi.mx\/es\/"},{"@type":"ListItem","position":2,"name":"La pandemia en salud mental del siglo XXI"}]},{"@type":"WebSite","@id":"https:\/\/www.gnosisxxi.mx\/es\/#website","url":"https:\/\/www.gnosisxxi.mx\/es\/","name":"Gnosis XXI","description":"Gnosis XXI aplicando el conocimiento y construyendo redes de apoyo para acompa\u00f1ar a las empresas y gobiernos a lograr el \u00e9xito en su prop\u00f3sito con eficiencia y efectividad.","potentialAction":[{"@type":"SearchAction","target":{"@type":"EntryPoint","urlTemplate":"https:\/\/www.gnosisxxi.mx\/es\/?s={search_term_string}"},"query-input":{"@type":"PropertyValueSpecification","valueRequired":true,"valueName":"search_term_string"}}],"inLanguage":"es"},{"@type":"Person","@id":"https:\/\/www.gnosisxxi.mx\/es\/#\/schema\/person\/d6c9a151f6e26a58c07293c0426c4ec0","name":"Adriana Maldonado Jim\u00e9nez, MBA, MSc","pronouns":"she\/her","image":{"@type":"ImageObject","inLanguage":"es","@id":"https:\/\/secure.gravatar.com\/avatar\/88fef5c9b059fe9f088526b4e13574c1a31a62be3e6f1f387935ffe2dab72766?s=96&d=mm&r=g","url":"https:\/\/secure.gravatar.com\/avatar\/88fef5c9b059fe9f088526b4e13574c1a31a62be3e6f1f387935ffe2dab72766?s=96&d=mm&r=g","contentUrl":"https:\/\/secure.gravatar.com\/avatar\/88fef5c9b059fe9f088526b4e13574c1a31a62be3e6f1f387935ffe2dab72766?s=96&d=mm&r=g","caption":"Adriana Maldonado Jim\u00e9nez, MBA, MSc"},"sameAs":["https:\/\/www.gnosisxxi.mx","https:\/\/www.linkedin.com\/in\/adriana-maldonado-jimnez-40b708b0\/"],"url":"https:\/\/www.gnosisxxi.mx\/es\/autor\/mtra-adriana-maldonado-jimenez-mba\/"}]}},"_links":{"self":[{"href":"https:\/\/www.gnosisxxi.mx\/es\/wp-json\/wp\/v2\/posts\/1095","targetHints":{"allow":["GET"]}}],"collection":[{"href":"https:\/\/www.gnosisxxi.mx\/es\/wp-json\/wp\/v2\/posts"}],"about":[{"href":"https:\/\/www.gnosisxxi.mx\/es\/wp-json\/wp\/v2\/types\/post"}],"author":[{"embeddable":true,"href":"https:\/\/www.gnosisxxi.mx\/es\/wp-json\/wp\/v2\/users\/3"}],"replies":[{"embeddable":true,"href":"https:\/\/www.gnosisxxi.mx\/es\/wp-json\/wp\/v2\/comments?post=1095"}],"version-history":[{"count":6,"href":"https:\/\/www.gnosisxxi.mx\/es\/wp-json\/wp\/v2\/posts\/1095\/revisions"}],"predecessor-version":[{"id":1105,"href":"https:\/\/www.gnosisxxi.mx\/es\/wp-json\/wp\/v2\/posts\/1095\/revisions\/1105"}],"wp:attachment":[{"href":"https:\/\/www.gnosisxxi.mx\/es\/wp-json\/wp\/v2\/media?parent=1095"}],"wp:term":[{"taxonomy":"category","embeddable":true,"href":"https:\/\/www.gnosisxxi.mx\/es\/wp-json\/wp\/v2\/categories?post=1095"},{"taxonomy":"post_tag","embeddable":true,"href":"https:\/\/www.gnosisxxi.mx\/es\/wp-json\/wp\/v2\/tags?post=1095"}],"curies":[{"name":"wp","href":"https:\/\/api.w.org\/{rel}","templated":true}]}}