{"id":1021,"date":"2020-08-13T10:55:03","date_gmt":"2020-08-13T15:55:03","guid":{"rendered":"http:\/\/www.gnosisxxi.mx\/?p=1021"},"modified":"2026-04-16T00:13:50","modified_gmt":"2026-04-16T06:13:50","slug":"y-el-mundo-cambio-y-las-mujeres-tambien-cambiamos","status":"publish","type":"post","link":"https:\/\/www.gnosisxxi.mx\/es\/y-el-mundo-cambio-y-las-mujeres-tambien-cambiamos\/","title":{"rendered":"Y el mundo cambi\u00f3&#8230;y las mujeres tambi\u00e9n cambiamos?"},"content":{"rendered":"<p>&nbsp;<\/p>\n<p>Estamos ahora funcionando en autom\u00e1tico, como antes pero diferente. Tu eres diferente pero hay que ver si nuestro entorno cambi\u00f3 o solo es percepci\u00f3n. Le pregunt\u00e9 a mi mejor amiga, si ahora en home office se segu\u00eda arreglando como de pasarela como lo acostumbraba, y contest\u00f3 que no. Seguramente has observado cambios en tu actitud, en tu imagen, en lo que usabas y que quiz\u00e1s ya no. Y porqu\u00e9 no? Es que ya no es importante para ti? Te sigues arreglando a pesar de lo virtual?<\/p>\n<p>&nbsp;<\/p>\n<p>COVID19 nos dio un empuj\u00f3n a lo virtual y ya desde hace algunos a\u00f1os se nos hab\u00eda dicho de su efectividad y eficiencia porque evitaba traslados, costos, etc. Sin embargo segu\u00edamos apostando por lo presencial. Bueno pues aqu\u00ed estamos, en la comunicaci\u00f3n virtual, con todo lo bueno y los retos (no mencionar\u00e9 malo porque todos los problemas hay que convertirlos a retos). Quiz\u00e1s acostumbrarnos a estructurar un nuevo horario, como desconectarnos, como manejar a tu equipo con la tecnolog\u00eda, como conectar con tu familia y como recuperar esos espacios que est\u00e1n invadidos por el trabajo porque todo sucede en el mismo lugar.<\/p>\n<p>&nbsp;<\/p>\n<p>Equilibrio es ahora una necesidad; dividir la figura de profesionista, con la figura de mam\u00e1, con la figura de pareja, con el tiempo para ti misma. Ahora m\u00e1s que nunca es importante sentirte c\u00f3moda, atractiva, ligera emocionalmente, visible para todo y para todos. El d\u00eda solo tiene 24 horas, y tienes que dividirlo en todas tus actividades para ser eficiente y eficaz y para ello el enfoque es fundamental. Lo menos recomendable es quitarle tiempo al sue\u00f1o, pues entonces todas tus actividades se ver\u00e1n afectadas radicalmente.<\/p>\n<p>&nbsp;<\/p>\n<p>El manejo de redes sociales y de tu comunicaci\u00f3n con todo lo que es importante, debe tener un horario, y eso no debe de cambiar, los horarios de comidas deben ser las mismas como en oficina f\u00edsica pues tu cerebro debe descansar y el horario para terminar el d\u00eda, es la base de todo (ya hay empresas que est\u00e1n migrando a un home office y se espera que esta tendencia contin\u00fae. Mi empresa ya migr\u00f3 al 100%).<\/p>\n<p>&nbsp;<\/p>\n<p>El sentirte bien contigo misma es fundamental y seguramente eso significa que te arregles para ti, que te maquilles para ti, que te pongas tu mejor ropa para ti, que te pongas tu mejor perfume para ti, que uses los colores que m\u00e1s te ayudan a tu estado de \u00e1nimo. Ahora todos tus accesorios y tus joyas solo las puedes usar en casa porque no es recomendable usarlas fuera por temor al contagio. Aprov\u00e9chalo! Ponte todo! Lo tienes a la mano! Eso te ayudar\u00e1 a conectar, primero contigo, y despu\u00e9s con los dem\u00e1s y lo m\u00e1s importante, lo que proyectes ser\u00e1 eso que atraiga a los dem\u00e1s.<\/p>\n<p>&nbsp;<\/p>\n<p>Parece que los protocolos y la etiqueta ha cambiado. Hemos visto algunos accidentes virtuales y quedar\u00e1n ah\u00ed para la posteridad. Establece nuevos protocolos, pues lo presencial y lo virtual deben considerarlos para establecer reglas claras para todos ya que lo virtual nos hace estar m\u00e1s cerca de lo que imaginamos.<\/p>\n<p>&nbsp;<\/p>\n<p>La familia sigue siendo muy importante. Es claro que ahora todos estamos lidiando con emociones. Pues tu familia no es la excepci\u00f3n. Dense la oportunidad de platicarlo, de conocer lo que cada uno esta sintiendo\u2026como cada uno lo esta percibiendo. Si conectamos con la emoci\u00f3n de cada uno, y que es lo recomendable en el caso de la vinculaci\u00f3n familiar, es posible que entre ustedes puedan crear una nueva forma de reglas en el que todos respeten sus nuevos espacios en tiempo y en las diferentes actividades.<\/p>\n<p>&nbsp;<\/p>\n<p>Es posible que ahora est\u00e9s pensando como ser la mejor profesionista, la mejor mam\u00e1, la mejor pareja\u2026a veces somos demasiado exigentes con nosotras mismas. Si comienzas por sentirte bien contigo misma, tu emoci\u00f3n ser\u00e1 la mejor para conectar y dirigir, te sentir\u00e1s sumamente productiva y eso proyectaras y ayudar\u00e1s a los dem\u00e1s a que tambi\u00e9n se sientan igual.<\/p>\n<p>&nbsp;<\/p>\n<p>Aqu\u00ed una recomendaci\u00f3n de administrar tu tiempo<\/p>\n<p>&nbsp;<\/p>\n<p>&nbsp;<\/p>\n<table style=\"height: 565px;\" width=\"420\">\n<tbody>\n<tr>\n<td width=\"102\"><strong>Actividad<\/strong><\/td>\n<td width=\"104\"><strong>Tiempo que toma<\/strong><\/td>\n<td width=\"128\"><strong>24hrs\/d\u00eda<\/strong><\/td>\n<\/tr>\n<tr>\n<td width=\"102\">Dormir<\/td>\n<td width=\"104\">7<\/td>\n<td width=\"128\">\n<p style=\"text-align: right;\">24-7 = 17<\/p>\n<\/td>\n<\/tr>\n<tr>\n<td width=\"102\">3 comidas<\/td>\n<td width=\"104\">1.30 hrs c\/u<\/td>\n<td width=\"128\">\n<p style=\"text-align: right;\">17-4.30 = 12.30<\/p>\n<\/td>\n<\/tr>\n<tr>\n<td width=\"102\">Aseo y arreglo personal por d\u00eda<\/td>\n<td width=\"104\">3 horas<\/td>\n<td width=\"128\">\n<p style=\"text-align: right;\">12.30 \u2013 3 = 9.30<\/p>\n<\/td>\n<\/tr>\n<tr>\n<td width=\"102\">Trabajo diario (incluyendo actividades por redes sociales)<\/td>\n<td width=\"104\">8 horas<\/td>\n<td width=\"128\">\n<p style=\"text-align: right;\">9.30 \u2013 8 = 1.30<\/p>\n<\/td>\n<\/tr>\n<tr>\n<td width=\"102\">Actividades con la familia<\/td>\n<td width=\"104\">1.30 horas<\/td>\n<td width=\"128\">\n<p style=\"text-align: right;\">1.30 \u2013 1.30 = 0<\/p>\n<\/td>\n<\/tr>\n<\/tbody>\n<\/table>\n<p>&nbsp;<\/p>\n<p>&nbsp;<\/p>\n<p>Ahora has tu propio horario para que puedas administrar tu tiempo m\u00e1s eficientemente.<\/p>\n<p>&nbsp;<\/p>\n<p>Mucho \u00e9xito!<\/p>\n","protected":false},"excerpt":{"rendered":"<p>&nbsp; Estamos ahora funcionando en autom\u00e1tico, como antes pero diferente. Tu eres diferente pero hay que ver si nuestro entorno cambi\u00f3 o solo es percepci\u00f3n. Le pregunt\u00e9 a mi mejor amiga, si ahora en home office se segu\u00eda arreglando como de pasarela como lo acostumbraba, y contest\u00f3 que no. Seguramente has observado cambios en tu [&hellip;]<\/p>\n","protected":false},"author":3,"featured_media":0,"comment_status":"open","ping_status":"open","sticky":false,"template":"","format":"standard","meta":{"footnotes":""},"categories":[18],"tags":[],"class_list":["post-1021","post","type-post","status-publish","format-standard","hentry","category-genero"],"yoast_head":"<!-- This site is optimized with the Yoast SEO plugin v27.4 - https:\/\/yoast.com\/product\/yoast-seo-wordpress\/ -->\n<title>Y el mundo cambi\u00f3...y las mujeres tambi\u00e9n cambiamos? - Gnosis XXI<\/title>\n<meta name=\"robots\" content=\"index, follow, max-snippet:-1, max-image-preview:large, max-video-preview:-1\" \/>\n<link rel=\"canonical\" href=\"https:\/\/www.gnosisxxi.mx\/es\/y-el-mundo-cambio-y-las-mujeres-tambien-cambiamos\/\" \/>\n<meta property=\"og:locale\" content=\"es_MX\" \/>\n<meta property=\"og:type\" content=\"article\" \/>\n<meta property=\"og:title\" content=\"Y el mundo cambi\u00f3...y las mujeres tambi\u00e9n cambiamos? - Gnosis XXI\" \/>\n<meta property=\"og:description\" content=\"&nbsp; Estamos ahora funcionando en autom\u00e1tico, como antes pero diferente. Tu eres diferente pero hay que ver si nuestro entorno cambi\u00f3 o solo es percepci\u00f3n. Le pregunt\u00e9 a mi mejor amiga, si ahora en home office se segu\u00eda arreglando como de pasarela como lo acostumbraba, y contest\u00f3 que no. Seguramente has observado cambios en tu [&hellip;]\" \/>\n<meta property=\"og:url\" content=\"https:\/\/www.gnosisxxi.mx\/es\/y-el-mundo-cambio-y-las-mujeres-tambien-cambiamos\/\" \/>\n<meta property=\"og:site_name\" content=\"Gnosis XXI\" \/>\n<meta property=\"article:published_time\" content=\"2020-08-13T15:55:03+00:00\" \/>\n<meta property=\"article:modified_time\" content=\"2026-04-16T06:13:50+00:00\" \/>\n<meta name=\"author\" content=\"Adriana Maldonado Jim\u00e9nez, MBA, MSc\" \/>\n<meta name=\"twitter:card\" content=\"summary_large_image\" \/>\n<meta name=\"twitter:label1\" content=\"Escrito por\" \/>\n\t<meta name=\"twitter:data1\" content=\"Mtra. Adriana Maldonado Jim\u00e9nez, MBA\" \/>\n\t<meta name=\"twitter:label2\" content=\"Tiempo de lectura\" \/>\n\t<meta name=\"twitter:data2\" content=\"4 minutos\" \/>\n<script type=\"application\/ld+json\" class=\"yoast-schema-graph\">{\"@context\":\"https:\\\/\\\/schema.org\",\"@graph\":[{\"@type\":\"Article\",\"@id\":\"https:\\\/\\\/www.gnosisxxi.mx\\\/es\\\/y-el-mundo-cambio-y-las-mujeres-tambien-cambiamos\\\/#article\",\"isPartOf\":{\"@id\":\"https:\\\/\\\/www.gnosisxxi.mx\\\/es\\\/y-el-mundo-cambio-y-las-mujeres-tambien-cambiamos\\\/\"},\"author\":{\"name\":\"Adriana Maldonado Jim\u00e9nez, MBA, MSc\",\"@id\":\"https:\\\/\\\/www.gnosisxxi.mx\\\/es\\\/#\\\/schema\\\/person\\\/d6c9a151f6e26a58c07293c0426c4ec0\"},\"headline\":\"Y el mundo cambi\u00f3&#8230;y las mujeres tambi\u00e9n cambiamos?\",\"datePublished\":\"2020-08-13T15:55:03+00:00\",\"dateModified\":\"2026-04-16T06:13:50+00:00\",\"mainEntityOfPage\":{\"@id\":\"https:\\\/\\\/www.gnosisxxi.mx\\\/es\\\/y-el-mundo-cambio-y-las-mujeres-tambien-cambiamos\\\/\"},\"wordCount\":775,\"commentCount\":0,\"articleSection\":[\"G\u00e9nero\"],\"inLanguage\":\"es\",\"potentialAction\":[{\"@type\":\"CommentAction\",\"name\":\"Comment\",\"target\":[\"https:\\\/\\\/www.gnosisxxi.mx\\\/es\\\/y-el-mundo-cambio-y-las-mujeres-tambien-cambiamos\\\/#respond\"]}]},{\"@type\":\"WebPage\",\"@id\":\"https:\\\/\\\/www.gnosisxxi.mx\\\/es\\\/y-el-mundo-cambio-y-las-mujeres-tambien-cambiamos\\\/\",\"url\":\"https:\\\/\\\/www.gnosisxxi.mx\\\/es\\\/y-el-mundo-cambio-y-las-mujeres-tambien-cambiamos\\\/\",\"name\":\"Y el mundo cambi\u00f3...y las mujeres tambi\u00e9n cambiamos? - Gnosis XXI\",\"isPartOf\":{\"@id\":\"https:\\\/\\\/www.gnosisxxi.mx\\\/es\\\/#website\"},\"datePublished\":\"2020-08-13T15:55:03+00:00\",\"dateModified\":\"2026-04-16T06:13:50+00:00\",\"author\":{\"@id\":\"https:\\\/\\\/www.gnosisxxi.mx\\\/es\\\/#\\\/schema\\\/person\\\/d6c9a151f6e26a58c07293c0426c4ec0\"},\"breadcrumb\":{\"@id\":\"https:\\\/\\\/www.gnosisxxi.mx\\\/es\\\/y-el-mundo-cambio-y-las-mujeres-tambien-cambiamos\\\/#breadcrumb\"},\"inLanguage\":\"es\",\"potentialAction\":[{\"@type\":\"ReadAction\",\"target\":[\"https:\\\/\\\/www.gnosisxxi.mx\\\/es\\\/y-el-mundo-cambio-y-las-mujeres-tambien-cambiamos\\\/\"]}]},{\"@type\":\"BreadcrumbList\",\"@id\":\"https:\\\/\\\/www.gnosisxxi.mx\\\/es\\\/y-el-mundo-cambio-y-las-mujeres-tambien-cambiamos\\\/#breadcrumb\",\"itemListElement\":[{\"@type\":\"ListItem\",\"position\":1,\"name\":\"Inicio\",\"item\":\"https:\\\/\\\/www.gnosisxxi.mx\\\/es\\\/\"},{\"@type\":\"ListItem\",\"position\":2,\"name\":\"Y el mundo cambi\u00f3&#8230;y las mujeres tambi\u00e9n cambiamos?\"}]},{\"@type\":\"WebSite\",\"@id\":\"https:\\\/\\\/www.gnosisxxi.mx\\\/es\\\/#website\",\"url\":\"https:\\\/\\\/www.gnosisxxi.mx\\\/es\\\/\",\"name\":\"Gnosis XXI\",\"description\":\"Gnosis XXI aplicando el conocimiento y construyendo redes de apoyo para acompa\u00f1ar a las empresas y gobiernos a lograr el \u00e9xito en su prop\u00f3sito con eficiencia y efectividad.\",\"potentialAction\":[{\"@type\":\"SearchAction\",\"target\":{\"@type\":\"EntryPoint\",\"urlTemplate\":\"https:\\\/\\\/www.gnosisxxi.mx\\\/es\\\/?s={search_term_string}\"},\"query-input\":{\"@type\":\"PropertyValueSpecification\",\"valueRequired\":true,\"valueName\":\"search_term_string\"}}],\"inLanguage\":\"es\"},{\"@type\":\"Person\",\"@id\":\"https:\\\/\\\/www.gnosisxxi.mx\\\/es\\\/#\\\/schema\\\/person\\\/d6c9a151f6e26a58c07293c0426c4ec0\",\"name\":\"Adriana Maldonado Jim\u00e9nez, MBA, MSc\",\"pronouns\":\"she\\\/her\",\"image\":{\"@type\":\"ImageObject\",\"inLanguage\":\"es\",\"@id\":\"https:\\\/\\\/secure.gravatar.com\\\/avatar\\\/88fef5c9b059fe9f088526b4e13574c1a31a62be3e6f1f387935ffe2dab72766?s=96&d=mm&r=g\",\"url\":\"https:\\\/\\\/secure.gravatar.com\\\/avatar\\\/88fef5c9b059fe9f088526b4e13574c1a31a62be3e6f1f387935ffe2dab72766?s=96&d=mm&r=g\",\"contentUrl\":\"https:\\\/\\\/secure.gravatar.com\\\/avatar\\\/88fef5c9b059fe9f088526b4e13574c1a31a62be3e6f1f387935ffe2dab72766?s=96&d=mm&r=g\",\"caption\":\"Adriana Maldonado Jim\u00e9nez, MBA, MSc\"},\"sameAs\":[\"https:\\\/\\\/www.gnosisxxi.mx\",\"https:\\\/\\\/www.linkedin.com\\\/in\\\/adriana-maldonado-jimnez-40b708b0\\\/\"],\"url\":\"https:\\\/\\\/www.gnosisxxi.mx\\\/es\\\/autor\\\/mtra-adriana-maldonado-jimenez-mba\\\/\"}]}<\/script>\n<!-- \/ Yoast SEO plugin. -->","yoast_head_json":{"title":"Y el mundo cambi\u00f3...y las mujeres tambi\u00e9n cambiamos? - Gnosis XXI","robots":{"index":"index","follow":"follow","max-snippet":"max-snippet:-1","max-image-preview":"max-image-preview:large","max-video-preview":"max-video-preview:-1"},"canonical":"https:\/\/www.gnosisxxi.mx\/es\/y-el-mundo-cambio-y-las-mujeres-tambien-cambiamos\/","og_locale":"es_MX","og_type":"article","og_title":"Y el mundo cambi\u00f3...y las mujeres tambi\u00e9n cambiamos? - Gnosis XXI","og_description":"&nbsp; Estamos ahora funcionando en autom\u00e1tico, como antes pero diferente. Tu eres diferente pero hay que ver si nuestro entorno cambi\u00f3 o solo es percepci\u00f3n. Le pregunt\u00e9 a mi mejor amiga, si ahora en home office se segu\u00eda arreglando como de pasarela como lo acostumbraba, y contest\u00f3 que no. Seguramente has observado cambios en tu [&hellip;]","og_url":"https:\/\/www.gnosisxxi.mx\/es\/y-el-mundo-cambio-y-las-mujeres-tambien-cambiamos\/","og_site_name":"Gnosis XXI","article_published_time":"2020-08-13T15:55:03+00:00","article_modified_time":"2026-04-16T06:13:50+00:00","author":"Adriana Maldonado Jim\u00e9nez, MBA, MSc","twitter_card":"summary_large_image","twitter_misc":{"Escrito por":"Mtra. Adriana Maldonado Jim\u00e9nez, MBA","Tiempo de lectura":"4 minutos"},"schema":{"@context":"https:\/\/schema.org","@graph":[{"@type":"Article","@id":"https:\/\/www.gnosisxxi.mx\/es\/y-el-mundo-cambio-y-las-mujeres-tambien-cambiamos\/#article","isPartOf":{"@id":"https:\/\/www.gnosisxxi.mx\/es\/y-el-mundo-cambio-y-las-mujeres-tambien-cambiamos\/"},"author":{"name":"Adriana Maldonado Jim\u00e9nez, MBA, MSc","@id":"https:\/\/www.gnosisxxi.mx\/es\/#\/schema\/person\/d6c9a151f6e26a58c07293c0426c4ec0"},"headline":"Y el mundo cambi\u00f3&#8230;y las mujeres tambi\u00e9n cambiamos?","datePublished":"2020-08-13T15:55:03+00:00","dateModified":"2026-04-16T06:13:50+00:00","mainEntityOfPage":{"@id":"https:\/\/www.gnosisxxi.mx\/es\/y-el-mundo-cambio-y-las-mujeres-tambien-cambiamos\/"},"wordCount":775,"commentCount":0,"articleSection":["G\u00e9nero"],"inLanguage":"es","potentialAction":[{"@type":"CommentAction","name":"Comment","target":["https:\/\/www.gnosisxxi.mx\/es\/y-el-mundo-cambio-y-las-mujeres-tambien-cambiamos\/#respond"]}]},{"@type":"WebPage","@id":"https:\/\/www.gnosisxxi.mx\/es\/y-el-mundo-cambio-y-las-mujeres-tambien-cambiamos\/","url":"https:\/\/www.gnosisxxi.mx\/es\/y-el-mundo-cambio-y-las-mujeres-tambien-cambiamos\/","name":"Y el mundo cambi\u00f3...y las mujeres tambi\u00e9n cambiamos? - Gnosis XXI","isPartOf":{"@id":"https:\/\/www.gnosisxxi.mx\/es\/#website"},"datePublished":"2020-08-13T15:55:03+00:00","dateModified":"2026-04-16T06:13:50+00:00","author":{"@id":"https:\/\/www.gnosisxxi.mx\/es\/#\/schema\/person\/d6c9a151f6e26a58c07293c0426c4ec0"},"breadcrumb":{"@id":"https:\/\/www.gnosisxxi.mx\/es\/y-el-mundo-cambio-y-las-mujeres-tambien-cambiamos\/#breadcrumb"},"inLanguage":"es","potentialAction":[{"@type":"ReadAction","target":["https:\/\/www.gnosisxxi.mx\/es\/y-el-mundo-cambio-y-las-mujeres-tambien-cambiamos\/"]}]},{"@type":"BreadcrumbList","@id":"https:\/\/www.gnosisxxi.mx\/es\/y-el-mundo-cambio-y-las-mujeres-tambien-cambiamos\/#breadcrumb","itemListElement":[{"@type":"ListItem","position":1,"name":"Inicio","item":"https:\/\/www.gnosisxxi.mx\/es\/"},{"@type":"ListItem","position":2,"name":"Y el mundo cambi\u00f3&#8230;y las mujeres tambi\u00e9n cambiamos?"}]},{"@type":"WebSite","@id":"https:\/\/www.gnosisxxi.mx\/es\/#website","url":"https:\/\/www.gnosisxxi.mx\/es\/","name":"Gnosis XXI","description":"Gnosis XXI aplicando el conocimiento y construyendo redes de apoyo para acompa\u00f1ar a las empresas y gobiernos a lograr el \u00e9xito en su prop\u00f3sito con eficiencia y efectividad.","potentialAction":[{"@type":"SearchAction","target":{"@type":"EntryPoint","urlTemplate":"https:\/\/www.gnosisxxi.mx\/es\/?s={search_term_string}"},"query-input":{"@type":"PropertyValueSpecification","valueRequired":true,"valueName":"search_term_string"}}],"inLanguage":"es"},{"@type":"Person","@id":"https:\/\/www.gnosisxxi.mx\/es\/#\/schema\/person\/d6c9a151f6e26a58c07293c0426c4ec0","name":"Adriana Maldonado Jim\u00e9nez, MBA, MSc","pronouns":"she\/her","image":{"@type":"ImageObject","inLanguage":"es","@id":"https:\/\/secure.gravatar.com\/avatar\/88fef5c9b059fe9f088526b4e13574c1a31a62be3e6f1f387935ffe2dab72766?s=96&d=mm&r=g","url":"https:\/\/secure.gravatar.com\/avatar\/88fef5c9b059fe9f088526b4e13574c1a31a62be3e6f1f387935ffe2dab72766?s=96&d=mm&r=g","contentUrl":"https:\/\/secure.gravatar.com\/avatar\/88fef5c9b059fe9f088526b4e13574c1a31a62be3e6f1f387935ffe2dab72766?s=96&d=mm&r=g","caption":"Adriana Maldonado Jim\u00e9nez, MBA, MSc"},"sameAs":["https:\/\/www.gnosisxxi.mx","https:\/\/www.linkedin.com\/in\/adriana-maldonado-jimnez-40b708b0\/"],"url":"https:\/\/www.gnosisxxi.mx\/es\/autor\/mtra-adriana-maldonado-jimenez-mba\/"}]}},"_links":{"self":[{"href":"https:\/\/www.gnosisxxi.mx\/es\/wp-json\/wp\/v2\/posts\/1021","targetHints":{"allow":["GET"]}}],"collection":[{"href":"https:\/\/www.gnosisxxi.mx\/es\/wp-json\/wp\/v2\/posts"}],"about":[{"href":"https:\/\/www.gnosisxxi.mx\/es\/wp-json\/wp\/v2\/types\/post"}],"author":[{"embeddable":true,"href":"https:\/\/www.gnosisxxi.mx\/es\/wp-json\/wp\/v2\/users\/3"}],"replies":[{"embeddable":true,"href":"https:\/\/www.gnosisxxi.mx\/es\/wp-json\/wp\/v2\/comments?post=1021"}],"version-history":[{"count":8,"href":"https:\/\/www.gnosisxxi.mx\/es\/wp-json\/wp\/v2\/posts\/1021\/revisions"}],"predecessor-version":[{"id":1042,"href":"https:\/\/www.gnosisxxi.mx\/es\/wp-json\/wp\/v2\/posts\/1021\/revisions\/1042"}],"wp:attachment":[{"href":"https:\/\/www.gnosisxxi.mx\/es\/wp-json\/wp\/v2\/media?parent=1021"}],"wp:term":[{"taxonomy":"category","embeddable":true,"href":"https:\/\/www.gnosisxxi.mx\/es\/wp-json\/wp\/v2\/categories?post=1021"},{"taxonomy":"post_tag","embeddable":true,"href":"https:\/\/www.gnosisxxi.mx\/es\/wp-json\/wp\/v2\/tags?post=1021"}],"curies":[{"name":"wp","href":"https:\/\/api.w.org\/{rel}","templated":true}]}}