{"id":1005,"date":"2020-08-03T23:51:57","date_gmt":"2020-08-04T04:51:57","guid":{"rendered":"http:\/\/www.gnosisxxi.mx\/?p=1005"},"modified":"2026-04-16T00:13:51","modified_gmt":"2026-04-16T06:13:51","slug":"y-nuestro-futuro-donde-esta-prospectiva-y-accion-para-despues-del-covid-19","status":"publish","type":"post","link":"https:\/\/www.gnosisxxi.mx\/es\/y-nuestro-futuro-donde-esta-prospectiva-y-accion-para-despues-del-covid-19\/","title":{"rendered":"\u00bfY nuestro futuro d\u00f3nde est\u00e1? Prospectiva estrat\u00e9gica y acci\u00f3n para despu\u00e9s del COVID-19"},"content":{"rendered":"<p>Una de las grandes interrogantes que ha surgido a partir de la contingencia generada por el COVID-19 se refiere a cu\u00e1les ser\u00e1n las condiciones y ambiente que se presentar\u00e1 al t\u00e9rmino de la aplicaci\u00f3n de las fases y se reanuden las actividades. Todos desean contar con una bola de cristal que permitiera conocer ese futuro que se avecina y poder estar preparado para, en primer lugar, sobrevivir y establecer las bases, para que en un segundo momento se pueda alcanzar una posici\u00f3n de desarrollo y de competitividad que asegure la sustentabilidad de la empresa y la generaci\u00f3n de condiciones de bienestar para las personas, organizaciones, empresas, regiones y el pa\u00eds.<\/p>\n<p>El desarrollar procesos y ejercicios de <strong>prospectiva<\/strong> pueden ser de gran utilidad para que sirva de insumo y orientaci\u00f3n a una planeaci\u00f3n estrat\u00e9gica efectiva. Hay que recordar que en este tipo de ejercicios se establecen diferentes tipos de escenarios (tendenciales, catastr\u00f3ficos, probables y deseables) que permiten generar informaci\u00f3n \u00fatil para la toma de decisiones. Pero \u00bfPor qu\u00e9 realizar nuevos ejercicios si ya se tienen otros anteriores? Una respuesta para dedicar tiempo y recursos se deriva de las nuevas condiciones y premisas que ser\u00edan introducidas en los an\u00e1lisis: la aparici\u00f3n de una pandemia tiene que integrarse en estos ejercicios. Es decir, el contemplar la aparici\u00f3n y rebrotes de alguna pandemia que propicie la aplicaci\u00f3n de medidas de seguridad que impacten las actividades esenciales de las personas, organizaciones, empresas, sectores econ\u00f3micos y sociales.<\/p>\n<p>Lo relevante es la revisi\u00f3n del efecto sist\u00e9mico que tiene este an\u00e1lisis de prospectiva y los impactos cruzados que se pueden producir en cada uno de los diferentes escenarios. Tomar siempre en cuenta, que es en el presente donde se toman las decisiones, el pasado y las tendencias brindan informaci\u00f3n de referencia, y los escenarios son como se\u00f1ales luminosas de orientaci\u00f3n para que al final, a trav\u00e9s de las acciones que se tomen, se construya el futuro deseable y no simplemente se llegue al futuro al que fuimos arrastrados y al que no se entiende ni se puede aprovechar para alcanzar un alto nivel de desarrollo. Siempre se ha dicho que para prever el futuro se requiere de utilizar nuestra parte racional al tiempo que se permite la intervenci\u00f3n de nuestra intuici\u00f3n como seres humanos, en donde se invita a utilizar tanto el hemisferio derecho (pensamiento anal\u00edtico) como el hemisferio izquierdo (imaginaci\u00f3n, pensamiento divergente) del cerebro.<\/p>\n<p>Prospectiva-Visi\u00f3n-Planeaci\u00f3n-Acci\u00f3n: No es suficiente con solamente pensar en el futuro e identificar las visiones alternativas, es necesario realizar el trabajo de planeaci\u00f3n, alineado a la misi\u00f3n de la empresa que permita establecer las acciones a realizar derivadas de una toma de decisiones consiente y fundamentada. Las acciones son fundamentales; No vaya a suceder que al tener una visi\u00f3n se deje en el terreno de los sue\u00f1os por no contar con la decisi\u00f3n, estructura y recursos necesarios para alcanzarla. Se debe incluir en cada decisi\u00f3n la evaluaci\u00f3n y medici\u00f3n del impacto que tendr\u00e1 en la persona, familia, empresa y comunidad. La mejor decisi\u00f3n es la que construye un entorno de mayor desarrollo integral, participativo e incluyente. La decisi\u00f3n personal y empresarial contribuye a la generaci\u00f3n de riqueza para la regi\u00f3n, la cual se distribuye a trav\u00e9s de sus procesos e intercambios a lo largo de toda la poblaci\u00f3n.<\/p>\n<p>Le\u00f3n es una ciudad acostumbrada a hacerse a s\u00ed misma. Muchas dificultades, crisis, desastres naturales y pandemias han sido superadas en el pasado. Existe el coraz\u00f3n y la inteligencia para salir adelante fortalecido y con mejores condiciones. En Le\u00f3n, se ha contado con hombres y mujeres de talento y empuje para lograr que las cosas sucedan. Recordando algunos ejemplos (no son limitativos porque hay muchos a lo largo del tiempo y de diferentes sectores. No exist\u00edan pr\u00f3tesis de titanio y el Dr. Alberto Aranda de la Parra reconstru\u00eda un codo utilizando el hueso de una pata de guajolote (pavo); el Dr. Daniel Malacara Hern\u00e1ndez que derivado de sus desarrollos en materia de \u00f3ptica y dado su prestigio consigue para la ciudad el establecimiento de uno de los mejores centros de investigaci\u00f3n, el CIO (Centro de Investigaciones en \u00d3ptica); a la Asociaci\u00f3n de Industriales de Guanajuato, que bajo su liderazgo se logra el primer plan de largo plazo para el desarrollo del estado (Guanajuato Siglo XXI) que ha permitido mejorar y pasar de ser uno de los estados menos atractivos y desarrollados a un ejemplo de desarrollo a nivel nacional e internacional; Mar\u00eda Elo\u00edsa Jim\u00e9nez Guti\u00e9rrez con sus pinturas que la convirtieron en la Miniaturista de Am\u00e9rica en \u00e9pocas sociales y econ\u00f3micas muy complicadas. Puedo seguir enunciando y revisando cada empresa, negocio, templo, colegio, proyecto realizado en Le\u00f3n y encontrar ese coraz\u00f3n y ese talento que ha llevado a salir adelante.<\/p>\n<p>Hacer prospectiva en estos d\u00edas es fundamental para poder dise\u00f1ar las estrategias que permitan pasar de una perspectiva de cat\u00e1strofe a una de oportunidad; una de pesimismo a una de retos por lograr. Recordar una frase que reconoce lo que se ha hecho en Le\u00f3n \u201cs\u00ed nuestros padres y abuelos pudieron superar los retos que tuvieron, nosotros por que no\u201d. Explorar, pensar, decidir y actuar, son las acciones que se demandan el d\u00eda de hoy. Tomemos el reto y pongamos el coraz\u00f3n y el talento para superarlo. Retomando la frase del Club Le\u00f3n, \u00a1Vamos a Volver!<\/p>\n<p>Adriana Maldonado Jim\u00e9nez<\/p>\n<p>Fernando Herrera Pons<\/p>\n","protected":false},"excerpt":{"rendered":"<p>Una de las grandes interrogantes que ha surgido a partir de la contingencia generada por el COVID-19 se refiere a cu\u00e1les ser\u00e1n las condiciones y ambiente que se presentar\u00e1 al t\u00e9rmino de la aplicaci\u00f3n de las fases y se reanuden las actividades. Todos desean contar con una bola de cristal que permitiera conocer ese futuro [&hellip;]<\/p>\n","protected":false},"author":4,"featured_media":343,"comment_status":"open","ping_status":"open","sticky":true,"template":"","format":"standard","meta":{"footnotes":""},"categories":[15,16,14],"tags":[33,11,42,43],"class_list":["post-1005","post","type-post","status-publish","format-standard","has-post-thumbnail","hentry","category-desarrollo-regional","category-entorno-global","category-entorno-negocios","tag-covid-19","tag-innovacion","tag-planeacion","tag-prospectiva"],"yoast_head":"<!-- This site is optimized with the Yoast SEO plugin v27.4 - https:\/\/yoast.com\/product\/yoast-seo-wordpress\/ -->\n<title>\u00bfY nuestro futuro d\u00f3nde est\u00e1? Prospectiva estrat\u00e9gica y acci\u00f3n para despu\u00e9s del COVID-19 - Gnosis XXI<\/title>\n<meta name=\"robots\" content=\"index, follow, max-snippet:-1, max-image-preview:large, max-video-preview:-1\" \/>\n<link rel=\"canonical\" href=\"https:\/\/www.gnosisxxi.mx\/es\/y-nuestro-futuro-donde-esta-prospectiva-y-accion-para-despues-del-covid-19\/\" \/>\n<meta property=\"og:locale\" content=\"es_MX\" \/>\n<meta property=\"og:type\" content=\"article\" \/>\n<meta property=\"og:title\" content=\"\u00bfY nuestro futuro d\u00f3nde est\u00e1? Prospectiva estrat\u00e9gica y acci\u00f3n para despu\u00e9s del COVID-19 - Gnosis XXI\" \/>\n<meta property=\"og:description\" content=\"Una de las grandes interrogantes que ha surgido a partir de la contingencia generada por el COVID-19 se refiere a cu\u00e1les ser\u00e1n las condiciones y ambiente que se presentar\u00e1 al t\u00e9rmino de la aplicaci\u00f3n de las fases y se reanuden las actividades. Todos desean contar con una bola de cristal que permitiera conocer ese futuro [&hellip;]\" \/>\n<meta property=\"og:url\" content=\"https:\/\/www.gnosisxxi.mx\/es\/y-nuestro-futuro-donde-esta-prospectiva-y-accion-para-despues-del-covid-19\/\" \/>\n<meta property=\"og:site_name\" content=\"Gnosis XXI\" \/>\n<meta property=\"article:published_time\" content=\"2020-08-04T04:51:57+00:00\" \/>\n<meta property=\"article:modified_time\" content=\"2026-04-16T06:13:51+00:00\" \/>\n<meta property=\"og:image\" content=\"https:\/\/www.gnosisxxi.mx\/wp-content\/uploads\/2019\/07\/banner_2.jpg\" \/>\n\t<meta property=\"og:image:width\" content=\"1920\" \/>\n\t<meta property=\"og:image:height\" content=\"420\" \/>\n\t<meta property=\"og:image:type\" content=\"image\/jpeg\" \/>\n<meta name=\"author\" content=\"Fernando Herrera\" \/>\n<meta name=\"twitter:card\" content=\"summary_large_image\" \/>\n<meta name=\"twitter:label1\" content=\"Escrito por\" \/>\n\t<meta name=\"twitter:data1\" content=\"Fernando Herrera\" \/>\n\t<meta name=\"twitter:label2\" content=\"Tiempo de lectura\" \/>\n\t<meta name=\"twitter:data2\" content=\"5 minutos\" \/>\n<script type=\"application\/ld+json\" class=\"yoast-schema-graph\">{\"@context\":\"https:\\\/\\\/schema.org\",\"@graph\":[{\"@type\":\"Article\",\"@id\":\"https:\\\/\\\/www.gnosisxxi.mx\\\/es\\\/y-nuestro-futuro-donde-esta-prospectiva-y-accion-para-despues-del-covid-19\\\/#article\",\"isPartOf\":{\"@id\":\"https:\\\/\\\/www.gnosisxxi.mx\\\/es\\\/y-nuestro-futuro-donde-esta-prospectiva-y-accion-para-despues-del-covid-19\\\/\"},\"author\":{\"name\":\"Fernando Herrera\",\"@id\":\"https:\\\/\\\/www.gnosisxxi.mx\\\/es\\\/#\\\/schema\\\/person\\\/5fe4bde0a511387389f447ccdfca726a\"},\"headline\":\"\u00bfY nuestro futuro d\u00f3nde est\u00e1? Prospectiva estrat\u00e9gica y acci\u00f3n para despu\u00e9s del COVID-19\",\"datePublished\":\"2020-08-04T04:51:57+00:00\",\"dateModified\":\"2026-04-16T06:13:51+00:00\",\"mainEntityOfPage\":{\"@id\":\"https:\\\/\\\/www.gnosisxxi.mx\\\/es\\\/y-nuestro-futuro-donde-esta-prospectiva-y-accion-para-despues-del-covid-19\\\/\"},\"wordCount\":974,\"commentCount\":0,\"image\":{\"@id\":\"https:\\\/\\\/www.gnosisxxi.mx\\\/es\\\/y-nuestro-futuro-donde-esta-prospectiva-y-accion-para-despues-del-covid-19\\\/#primaryimage\"},\"thumbnailUrl\":\"https:\\\/\\\/www.gnosisxxi.mx\\\/wp-content\\\/uploads\\\/2019\\\/07\\\/banner_2.jpg\",\"keywords\":[\"COVID-19\",\"Innovaci\u00f3n\",\"Planeaci\u00f3n\",\"Prospectiva\"],\"articleSection\":[\"Desarrollo regional\",\"Entorno global\",\"Entorno negocios\"],\"inLanguage\":\"es\",\"potentialAction\":[{\"@type\":\"CommentAction\",\"name\":\"Comment\",\"target\":[\"https:\\\/\\\/www.gnosisxxi.mx\\\/es\\\/y-nuestro-futuro-donde-esta-prospectiva-y-accion-para-despues-del-covid-19\\\/#respond\"]}]},{\"@type\":\"WebPage\",\"@id\":\"https:\\\/\\\/www.gnosisxxi.mx\\\/es\\\/y-nuestro-futuro-donde-esta-prospectiva-y-accion-para-despues-del-covid-19\\\/\",\"url\":\"https:\\\/\\\/www.gnosisxxi.mx\\\/es\\\/y-nuestro-futuro-donde-esta-prospectiva-y-accion-para-despues-del-covid-19\\\/\",\"name\":\"\u00bfY nuestro futuro d\u00f3nde est\u00e1? Prospectiva estrat\u00e9gica y acci\u00f3n para despu\u00e9s del COVID-19 - Gnosis XXI\",\"isPartOf\":{\"@id\":\"https:\\\/\\\/www.gnosisxxi.mx\\\/es\\\/#website\"},\"primaryImageOfPage\":{\"@id\":\"https:\\\/\\\/www.gnosisxxi.mx\\\/es\\\/y-nuestro-futuro-donde-esta-prospectiva-y-accion-para-despues-del-covid-19\\\/#primaryimage\"},\"image\":{\"@id\":\"https:\\\/\\\/www.gnosisxxi.mx\\\/es\\\/y-nuestro-futuro-donde-esta-prospectiva-y-accion-para-despues-del-covid-19\\\/#primaryimage\"},\"thumbnailUrl\":\"https:\\\/\\\/www.gnosisxxi.mx\\\/wp-content\\\/uploads\\\/2019\\\/07\\\/banner_2.jpg\",\"datePublished\":\"2020-08-04T04:51:57+00:00\",\"dateModified\":\"2026-04-16T06:13:51+00:00\",\"author\":{\"@id\":\"https:\\\/\\\/www.gnosisxxi.mx\\\/es\\\/#\\\/schema\\\/person\\\/5fe4bde0a511387389f447ccdfca726a\"},\"breadcrumb\":{\"@id\":\"https:\\\/\\\/www.gnosisxxi.mx\\\/es\\\/y-nuestro-futuro-donde-esta-prospectiva-y-accion-para-despues-del-covid-19\\\/#breadcrumb\"},\"inLanguage\":\"es\",\"potentialAction\":[{\"@type\":\"ReadAction\",\"target\":[\"https:\\\/\\\/www.gnosisxxi.mx\\\/es\\\/y-nuestro-futuro-donde-esta-prospectiva-y-accion-para-despues-del-covid-19\\\/\"]}]},{\"@type\":\"ImageObject\",\"inLanguage\":\"es\",\"@id\":\"https:\\\/\\\/www.gnosisxxi.mx\\\/es\\\/y-nuestro-futuro-donde-esta-prospectiva-y-accion-para-despues-del-covid-19\\\/#primaryimage\",\"url\":\"https:\\\/\\\/www.gnosisxxi.mx\\\/wp-content\\\/uploads\\\/2019\\\/07\\\/banner_2.jpg\",\"contentUrl\":\"https:\\\/\\\/www.gnosisxxi.mx\\\/wp-content\\\/uploads\\\/2019\\\/07\\\/banner_2.jpg\",\"width\":1920,\"height\":420},{\"@type\":\"BreadcrumbList\",\"@id\":\"https:\\\/\\\/www.gnosisxxi.mx\\\/es\\\/y-nuestro-futuro-donde-esta-prospectiva-y-accion-para-despues-del-covid-19\\\/#breadcrumb\",\"itemListElement\":[{\"@type\":\"ListItem\",\"position\":1,\"name\":\"Inicio\",\"item\":\"https:\\\/\\\/www.gnosisxxi.mx\\\/es\\\/\"},{\"@type\":\"ListItem\",\"position\":2,\"name\":\"\u00bfY nuestro futuro d\u00f3nde est\u00e1? Prospectiva estrat\u00e9gica y acci\u00f3n para despu\u00e9s del COVID-19\"}]},{\"@type\":\"WebSite\",\"@id\":\"https:\\\/\\\/www.gnosisxxi.mx\\\/es\\\/#website\",\"url\":\"https:\\\/\\\/www.gnosisxxi.mx\\\/es\\\/\",\"name\":\"Gnosis XXI\",\"description\":\"Gnosis XXI aplicando el conocimiento y construyendo redes de apoyo para acompa\u00f1ar a las empresas y gobiernos a lograr el \u00e9xito en su prop\u00f3sito con eficiencia y efectividad.\",\"potentialAction\":[{\"@type\":\"SearchAction\",\"target\":{\"@type\":\"EntryPoint\",\"urlTemplate\":\"https:\\\/\\\/www.gnosisxxi.mx\\\/es\\\/?s={search_term_string}\"},\"query-input\":{\"@type\":\"PropertyValueSpecification\",\"valueRequired\":true,\"valueName\":\"search_term_string\"}}],\"inLanguage\":\"es\"},{\"@type\":\"Person\",\"@id\":\"https:\\\/\\\/www.gnosisxxi.mx\\\/es\\\/#\\\/schema\\\/person\\\/5fe4bde0a511387389f447ccdfca726a\",\"name\":\"Fernando Herrera\",\"pronouns\":\"he\\\/him\",\"image\":{\"@type\":\"ImageObject\",\"inLanguage\":\"es\",\"@id\":\"https:\\\/\\\/secure.gravatar.com\\\/avatar\\\/7272852b28983badb5229ea70892b3f25fe19175a9a0b7fe00625032c52e9305?s=96&d=mm&r=g\",\"url\":\"https:\\\/\\\/secure.gravatar.com\\\/avatar\\\/7272852b28983badb5229ea70892b3f25fe19175a9a0b7fe00625032c52e9305?s=96&d=mm&r=g\",\"contentUrl\":\"https:\\\/\\\/secure.gravatar.com\\\/avatar\\\/7272852b28983badb5229ea70892b3f25fe19175a9a0b7fe00625032c52e9305?s=96&d=mm&r=g\",\"caption\":\"Fernando Herrera\"},\"sameAs\":[\"http:\\\/\\\/www.gnosisxxi.mx\",\"https:\\\/\\\/www.linkedin.com\\\/in\\\/fernando-herrera-pons-29a7a349\\\/\"],\"url\":\"https:\\\/\\\/www.gnosisxxi.mx\\\/es\\\/autor\\\/doctor-fernando-herrera-pons\\\/\"}]}<\/script>\n<!-- \/ Yoast SEO plugin. -->","yoast_head_json":{"title":"\u00bfY nuestro futuro d\u00f3nde est\u00e1? Prospectiva estrat\u00e9gica y acci\u00f3n para despu\u00e9s del COVID-19 - Gnosis XXI","robots":{"index":"index","follow":"follow","max-snippet":"max-snippet:-1","max-image-preview":"max-image-preview:large","max-video-preview":"max-video-preview:-1"},"canonical":"https:\/\/www.gnosisxxi.mx\/es\/y-nuestro-futuro-donde-esta-prospectiva-y-accion-para-despues-del-covid-19\/","og_locale":"es_MX","og_type":"article","og_title":"\u00bfY nuestro futuro d\u00f3nde est\u00e1? Prospectiva estrat\u00e9gica y acci\u00f3n para despu\u00e9s del COVID-19 - Gnosis XXI","og_description":"Una de las grandes interrogantes que ha surgido a partir de la contingencia generada por el COVID-19 se refiere a cu\u00e1les ser\u00e1n las condiciones y ambiente que se presentar\u00e1 al t\u00e9rmino de la aplicaci\u00f3n de las fases y se reanuden las actividades. Todos desean contar con una bola de cristal que permitiera conocer ese futuro [&hellip;]","og_url":"https:\/\/www.gnosisxxi.mx\/es\/y-nuestro-futuro-donde-esta-prospectiva-y-accion-para-despues-del-covid-19\/","og_site_name":"Gnosis XXI","article_published_time":"2020-08-04T04:51:57+00:00","article_modified_time":"2026-04-16T06:13:51+00:00","og_image":[{"width":1920,"height":420,"url":"https:\/\/www.gnosisxxi.mx\/wp-content\/uploads\/2019\/07\/banner_2.jpg","type":"image\/jpeg"}],"author":"Fernando Herrera","twitter_card":"summary_large_image","twitter_misc":{"Escrito por":"Fernando Herrera","Tiempo de lectura":"5 minutos"},"schema":{"@context":"https:\/\/schema.org","@graph":[{"@type":"Article","@id":"https:\/\/www.gnosisxxi.mx\/es\/y-nuestro-futuro-donde-esta-prospectiva-y-accion-para-despues-del-covid-19\/#article","isPartOf":{"@id":"https:\/\/www.gnosisxxi.mx\/es\/y-nuestro-futuro-donde-esta-prospectiva-y-accion-para-despues-del-covid-19\/"},"author":{"name":"Fernando Herrera","@id":"https:\/\/www.gnosisxxi.mx\/es\/#\/schema\/person\/5fe4bde0a511387389f447ccdfca726a"},"headline":"\u00bfY nuestro futuro d\u00f3nde est\u00e1? Prospectiva estrat\u00e9gica y acci\u00f3n para despu\u00e9s del COVID-19","datePublished":"2020-08-04T04:51:57+00:00","dateModified":"2026-04-16T06:13:51+00:00","mainEntityOfPage":{"@id":"https:\/\/www.gnosisxxi.mx\/es\/y-nuestro-futuro-donde-esta-prospectiva-y-accion-para-despues-del-covid-19\/"},"wordCount":974,"commentCount":0,"image":{"@id":"https:\/\/www.gnosisxxi.mx\/es\/y-nuestro-futuro-donde-esta-prospectiva-y-accion-para-despues-del-covid-19\/#primaryimage"},"thumbnailUrl":"https:\/\/www.gnosisxxi.mx\/wp-content\/uploads\/2019\/07\/banner_2.jpg","keywords":["COVID-19","Innovaci\u00f3n","Planeaci\u00f3n","Prospectiva"],"articleSection":["Desarrollo regional","Entorno global","Entorno negocios"],"inLanguage":"es","potentialAction":[{"@type":"CommentAction","name":"Comment","target":["https:\/\/www.gnosisxxi.mx\/es\/y-nuestro-futuro-donde-esta-prospectiva-y-accion-para-despues-del-covid-19\/#respond"]}]},{"@type":"WebPage","@id":"https:\/\/www.gnosisxxi.mx\/es\/y-nuestro-futuro-donde-esta-prospectiva-y-accion-para-despues-del-covid-19\/","url":"https:\/\/www.gnosisxxi.mx\/es\/y-nuestro-futuro-donde-esta-prospectiva-y-accion-para-despues-del-covid-19\/","name":"\u00bfY nuestro futuro d\u00f3nde est\u00e1? Prospectiva estrat\u00e9gica y acci\u00f3n para despu\u00e9s del COVID-19 - Gnosis XXI","isPartOf":{"@id":"https:\/\/www.gnosisxxi.mx\/es\/#website"},"primaryImageOfPage":{"@id":"https:\/\/www.gnosisxxi.mx\/es\/y-nuestro-futuro-donde-esta-prospectiva-y-accion-para-despues-del-covid-19\/#primaryimage"},"image":{"@id":"https:\/\/www.gnosisxxi.mx\/es\/y-nuestro-futuro-donde-esta-prospectiva-y-accion-para-despues-del-covid-19\/#primaryimage"},"thumbnailUrl":"https:\/\/www.gnosisxxi.mx\/wp-content\/uploads\/2019\/07\/banner_2.jpg","datePublished":"2020-08-04T04:51:57+00:00","dateModified":"2026-04-16T06:13:51+00:00","author":{"@id":"https:\/\/www.gnosisxxi.mx\/es\/#\/schema\/person\/5fe4bde0a511387389f447ccdfca726a"},"breadcrumb":{"@id":"https:\/\/www.gnosisxxi.mx\/es\/y-nuestro-futuro-donde-esta-prospectiva-y-accion-para-despues-del-covid-19\/#breadcrumb"},"inLanguage":"es","potentialAction":[{"@type":"ReadAction","target":["https:\/\/www.gnosisxxi.mx\/es\/y-nuestro-futuro-donde-esta-prospectiva-y-accion-para-despues-del-covid-19\/"]}]},{"@type":"ImageObject","inLanguage":"es","@id":"https:\/\/www.gnosisxxi.mx\/es\/y-nuestro-futuro-donde-esta-prospectiva-y-accion-para-despues-del-covid-19\/#primaryimage","url":"https:\/\/www.gnosisxxi.mx\/wp-content\/uploads\/2019\/07\/banner_2.jpg","contentUrl":"https:\/\/www.gnosisxxi.mx\/wp-content\/uploads\/2019\/07\/banner_2.jpg","width":1920,"height":420},{"@type":"BreadcrumbList","@id":"https:\/\/www.gnosisxxi.mx\/es\/y-nuestro-futuro-donde-esta-prospectiva-y-accion-para-despues-del-covid-19\/#breadcrumb","itemListElement":[{"@type":"ListItem","position":1,"name":"Inicio","item":"https:\/\/www.gnosisxxi.mx\/es\/"},{"@type":"ListItem","position":2,"name":"\u00bfY nuestro futuro d\u00f3nde est\u00e1? Prospectiva estrat\u00e9gica y acci\u00f3n para despu\u00e9s del COVID-19"}]},{"@type":"WebSite","@id":"https:\/\/www.gnosisxxi.mx\/es\/#website","url":"https:\/\/www.gnosisxxi.mx\/es\/","name":"Gnosis XXI","description":"Gnosis XXI aplicando el conocimiento y construyendo redes de apoyo para acompa\u00f1ar a las empresas y gobiernos a lograr el \u00e9xito en su prop\u00f3sito con eficiencia y efectividad.","potentialAction":[{"@type":"SearchAction","target":{"@type":"EntryPoint","urlTemplate":"https:\/\/www.gnosisxxi.mx\/es\/?s={search_term_string}"},"query-input":{"@type":"PropertyValueSpecification","valueRequired":true,"valueName":"search_term_string"}}],"inLanguage":"es"},{"@type":"Person","@id":"https:\/\/www.gnosisxxi.mx\/es\/#\/schema\/person\/5fe4bde0a511387389f447ccdfca726a","name":"Fernando Herrera","pronouns":"he\/him","image":{"@type":"ImageObject","inLanguage":"es","@id":"https:\/\/secure.gravatar.com\/avatar\/7272852b28983badb5229ea70892b3f25fe19175a9a0b7fe00625032c52e9305?s=96&d=mm&r=g","url":"https:\/\/secure.gravatar.com\/avatar\/7272852b28983badb5229ea70892b3f25fe19175a9a0b7fe00625032c52e9305?s=96&d=mm&r=g","contentUrl":"https:\/\/secure.gravatar.com\/avatar\/7272852b28983badb5229ea70892b3f25fe19175a9a0b7fe00625032c52e9305?s=96&d=mm&r=g","caption":"Fernando Herrera"},"sameAs":["http:\/\/www.gnosisxxi.mx","https:\/\/www.linkedin.com\/in\/fernando-herrera-pons-29a7a349\/"],"url":"https:\/\/www.gnosisxxi.mx\/es\/autor\/doctor-fernando-herrera-pons\/"}]}},"_links":{"self":[{"href":"https:\/\/www.gnosisxxi.mx\/es\/wp-json\/wp\/v2\/posts\/1005","targetHints":{"allow":["GET"]}}],"collection":[{"href":"https:\/\/www.gnosisxxi.mx\/es\/wp-json\/wp\/v2\/posts"}],"about":[{"href":"https:\/\/www.gnosisxxi.mx\/es\/wp-json\/wp\/v2\/types\/post"}],"author":[{"embeddable":true,"href":"https:\/\/www.gnosisxxi.mx\/es\/wp-json\/wp\/v2\/users\/4"}],"replies":[{"embeddable":true,"href":"https:\/\/www.gnosisxxi.mx\/es\/wp-json\/wp\/v2\/comments?post=1005"}],"version-history":[{"count":2,"href":"https:\/\/www.gnosisxxi.mx\/es\/wp-json\/wp\/v2\/posts\/1005\/revisions"}],"predecessor-version":[{"id":1019,"href":"https:\/\/www.gnosisxxi.mx\/es\/wp-json\/wp\/v2\/posts\/1005\/revisions\/1019"}],"wp:featuredmedia":[{"embeddable":true,"href":"https:\/\/www.gnosisxxi.mx\/es\/wp-json\/wp\/v2\/media\/343"}],"wp:attachment":[{"href":"https:\/\/www.gnosisxxi.mx\/es\/wp-json\/wp\/v2\/media?parent=1005"}],"wp:term":[{"taxonomy":"category","embeddable":true,"href":"https:\/\/www.gnosisxxi.mx\/es\/wp-json\/wp\/v2\/categories?post=1005"},{"taxonomy":"post_tag","embeddable":true,"href":"https:\/\/www.gnosisxxi.mx\/es\/wp-json\/wp\/v2\/tags?post=1005"}],"curies":[{"name":"wp","href":"https:\/\/api.w.org\/{rel}","templated":true}]}}