{"id":1098,"date":"2020-12-02T23:41:48","date_gmt":"2020-12-03T05:41:48","guid":{"rendered":"http:\/\/www.gnosisxxi.mx\/?p=1098"},"modified":"2020-12-02T23:58:19","modified_gmt":"2020-12-03T05:58:19","slug":"pandemic-and-the-mental-health-in-the-xxi-century","status":"publish","type":"post","link":"https:\/\/www.gnosisxxi.mx\/en\/pandemic-and-the-mental-health-in-the-xxi-century\/","title":{"rendered":"Pandemic and the mental health in the XXI Century."},"content":{"rendered":"<p>Today I had the chance to attend a webinar with my dear friend\u00a0\u00a0Mauricio Zerme\u00f1o about a mental health condition as a consequence of pandemic: Narcissism.<\/p>\n<p>According to this webinar, it is quite frequent that narcissist is related to a person that likes to look good an the reality goes beyond that perception. The mental health condition (man\/woman) of a narcissist is linked to violence and the power of destruction to all those people closed to him\/her. Violence goes from light manipulation, passing by any kind of violence up to psychological and physical violence.<\/p>\n<p>In terms of gender violence, it is highly probable that some of those cases were executed by a narcissist partner, within a family or within a relationship and it\u00a0 is in here where it is so important to think: How can I know if I am with a parter with that mental condition?<\/p>\n<p>Mauricio says so forcefully: &#8220;&#8230;violence is violence no matter what, it does not\u00a0 matter who it comes from, parents, brothers, sisters, other family members, friends, priest and so on&#8230;therefore the only option is to get away from that person and report it&#8221;.<\/p>\n<p>Mexican culture and the way mexican families cope with it, it is so common that violence becomes normalized within the family, so it is not weird that a woman that has been living with violence gets a narcissist person as a couple and that this new life becomes normal too.<\/p>\n<p>I invite you to think&#8230; if you believe that you are within a relationship like this, ask for help since narcissist never ever will accept that there is something wrong with them&#8230;.the rest of the world is wrong!<\/p>\n<p>As it was said by Mauricio Zerme\u00f1o: how many cake slices you need to eat to know that it is a chocolate cake&#8230;how many times you need to have violence experiences to know that it is violence&#8230;.<\/p>\n<p>For more information about this issue:<\/p>\n<p><a href=\"https:\/\/www.toxicologyofpersonality.com\/blog\">https:\/\/www.toxicologyofpersonality.com\/blog<\/a><\/p>\n<p>&nbsp;<\/p>\n","protected":false},"excerpt":{"rendered":"<p>Today I had the chance to attend a webinar with my dear friend\u00a0\u00a0Mauricio Zerme\u00f1o about a mental health condition as a consequence of pandemic: Narcissism. According to this webinar, it is quite frequent that narcissist is related to a person that likes to look good an the reality goes beyond that perception. The mental health [&hellip;]<\/p>\n","protected":false},"author":3,"featured_media":0,"comment_status":"open","ping_status":"open","sticky":false,"template":"","format":"standard","meta":{"footnotes":""},"categories":[25],"tags":[],"class_list":["post-1098","post","type-post","status-publish","format-standard","hentry","category-knowledge"],"yoast_head":"<!-- This site is optimized with the Yoast SEO plugin v27.4 - https:\/\/yoast.com\/product\/yoast-seo-wordpress\/ -->\n<title>Pandemic and the mental health in the XXI Century. - Gnosis XXI<\/title>\n<meta name=\"robots\" content=\"index, follow, max-snippet:-1, max-image-preview:large, max-video-preview:-1\" \/>\n<link rel=\"canonical\" href=\"https:\/\/www.gnosisxxi.mx\/en\/pandemic-and-the-mental-health-in-the-xxi-century\/\" \/>\n<meta property=\"og:locale\" content=\"en_US\" \/>\n<meta property=\"og:type\" content=\"article\" \/>\n<meta property=\"og:title\" content=\"Pandemic and the mental health in the XXI Century. - Gnosis XXI\" \/>\n<meta property=\"og:description\" content=\"Today I had the chance to attend a webinar with my dear friend\u00a0\u00a0Mauricio Zerme\u00f1o about a mental health condition as a consequence of pandemic: Narcissism. According to this webinar, it is quite frequent that narcissist is related to a person that likes to look good an the reality goes beyond that perception. The mental health [&hellip;]\" \/>\n<meta property=\"og:url\" content=\"https:\/\/www.gnosisxxi.mx\/en\/pandemic-and-the-mental-health-in-the-xxi-century\/\" \/>\n<meta property=\"og:site_name\" content=\"Gnosis XXI\" \/>\n<meta property=\"article:published_time\" content=\"2020-12-03T05:41:48+00:00\" \/>\n<meta property=\"article:modified_time\" content=\"2020-12-03T05:58:19+00:00\" \/>\n<meta name=\"author\" content=\"Adriana Maldonado Jim\u00e9nez, MBA, MSc\" \/>\n<meta name=\"twitter:card\" content=\"summary_large_image\" \/>\n<meta name=\"twitter:label1\" content=\"Written by\" \/>\n\t<meta name=\"twitter:data1\" content=\"Adriana Maldonado Jim\u00e9nez, MBA, MSc\" \/>\n\t<meta name=\"twitter:label2\" content=\"Est. reading time\" \/>\n\t<meta name=\"twitter:data2\" content=\"2 minutes\" \/>\n<script type=\"application\/ld+json\" class=\"yoast-schema-graph\">{\"@context\":\"https:\\\/\\\/schema.org\",\"@graph\":[{\"@type\":\"Article\",\"@id\":\"https:\\\/\\\/www.gnosisxxi.mx\\\/en\\\/pandemic-and-the-mental-health-in-the-xxi-century\\\/#article\",\"isPartOf\":{\"@id\":\"https:\\\/\\\/www.gnosisxxi.mx\\\/en\\\/pandemic-and-the-mental-health-in-the-xxi-century\\\/\"},\"author\":{\"name\":\"Adriana Maldonado Jim\u00e9nez, MBA, MSc\",\"@id\":\"https:\\\/\\\/www.gnosisxxi.mx\\\/en\\\/#\\\/schema\\\/person\\\/d6c9a151f6e26a58c07293c0426c4ec0\"},\"headline\":\"Pandemic and the mental health in the XXI Century.\",\"datePublished\":\"2020-12-03T05:41:48+00:00\",\"dateModified\":\"2020-12-03T05:58:19+00:00\",\"mainEntityOfPage\":{\"@id\":\"https:\\\/\\\/www.gnosisxxi.mx\\\/en\\\/pandemic-and-the-mental-health-in-the-xxi-century\\\/\"},\"wordCount\":342,\"commentCount\":0,\"articleSection\":[\"Knowledge\"],\"inLanguage\":\"en-US\",\"potentialAction\":[{\"@type\":\"CommentAction\",\"name\":\"Comment\",\"target\":[\"https:\\\/\\\/www.gnosisxxi.mx\\\/en\\\/pandemic-and-the-mental-health-in-the-xxi-century\\\/#respond\"]}]},{\"@type\":\"WebPage\",\"@id\":\"https:\\\/\\\/www.gnosisxxi.mx\\\/en\\\/pandemic-and-the-mental-health-in-the-xxi-century\\\/\",\"url\":\"https:\\\/\\\/www.gnosisxxi.mx\\\/en\\\/pandemic-and-the-mental-health-in-the-xxi-century\\\/\",\"name\":\"Pandemic and the mental health in the XXI Century. - Gnosis XXI\",\"isPartOf\":{\"@id\":\"https:\\\/\\\/www.gnosisxxi.mx\\\/en\\\/#website\"},\"datePublished\":\"2020-12-03T05:41:48+00:00\",\"dateModified\":\"2020-12-03T05:58:19+00:00\",\"author\":{\"@id\":\"https:\\\/\\\/www.gnosisxxi.mx\\\/en\\\/#\\\/schema\\\/person\\\/d6c9a151f6e26a58c07293c0426c4ec0\"},\"breadcrumb\":{\"@id\":\"https:\\\/\\\/www.gnosisxxi.mx\\\/en\\\/pandemic-and-the-mental-health-in-the-xxi-century\\\/#breadcrumb\"},\"inLanguage\":\"en-US\",\"potentialAction\":[{\"@type\":\"ReadAction\",\"target\":[\"https:\\\/\\\/www.gnosisxxi.mx\\\/en\\\/pandemic-and-the-mental-health-in-the-xxi-century\\\/\"]}]},{\"@type\":\"BreadcrumbList\",\"@id\":\"https:\\\/\\\/www.gnosisxxi.mx\\\/en\\\/pandemic-and-the-mental-health-in-the-xxi-century\\\/#breadcrumb\",\"itemListElement\":[{\"@type\":\"ListItem\",\"position\":1,\"name\":\"Inicio\",\"item\":\"https:\\\/\\\/www.gnosisxxi.mx\\\/en\\\/\"},{\"@type\":\"ListItem\",\"position\":2,\"name\":\"Pandemic and the mental health in the XXI Century.\"}]},{\"@type\":\"WebSite\",\"@id\":\"https:\\\/\\\/www.gnosisxxi.mx\\\/en\\\/#website\",\"url\":\"https:\\\/\\\/www.gnosisxxi.mx\\\/en\\\/\",\"name\":\"Gnosis XXI\",\"description\":\"Gnosis XXI aplicando el conocimiento y construyendo redes de apoyo para acompa\u00f1ar a las empresas y gobiernos a lograr el \u00e9xito en su prop\u00f3sito con eficiencia y efectividad.\",\"potentialAction\":[{\"@type\":\"SearchAction\",\"target\":{\"@type\":\"EntryPoint\",\"urlTemplate\":\"https:\\\/\\\/www.gnosisxxi.mx\\\/en\\\/?s={search_term_string}\"},\"query-input\":{\"@type\":\"PropertyValueSpecification\",\"valueRequired\":true,\"valueName\":\"search_term_string\"}}],\"inLanguage\":\"en-US\"},{\"@type\":\"Person\",\"@id\":\"https:\\\/\\\/www.gnosisxxi.mx\\\/en\\\/#\\\/schema\\\/person\\\/d6c9a151f6e26a58c07293c0426c4ec0\",\"name\":\"Adriana Maldonado Jim\u00e9nez, MBA, MSc\",\"pronouns\":\"she\\\/her\",\"image\":{\"@type\":\"ImageObject\",\"inLanguage\":\"en-US\",\"@id\":\"https:\\\/\\\/secure.gravatar.com\\\/avatar\\\/88fef5c9b059fe9f088526b4e13574c1a31a62be3e6f1f387935ffe2dab72766?s=96&d=mm&r=g\",\"url\":\"https:\\\/\\\/secure.gravatar.com\\\/avatar\\\/88fef5c9b059fe9f088526b4e13574c1a31a62be3e6f1f387935ffe2dab72766?s=96&d=mm&r=g\",\"contentUrl\":\"https:\\\/\\\/secure.gravatar.com\\\/avatar\\\/88fef5c9b059fe9f088526b4e13574c1a31a62be3e6f1f387935ffe2dab72766?s=96&d=mm&r=g\",\"caption\":\"Adriana Maldonado Jim\u00e9nez, MBA, MSc\"},\"sameAs\":[\"https:\\\/\\\/www.gnosisxxi.mx\",\"https:\\\/\\\/www.linkedin.com\\\/in\\\/adriana-maldonado-jimnez-40b708b0\\\/\"],\"url\":\"https:\\\/\\\/www.gnosisxxi.mx\\\/en\\\/author\\\/adriana-maldonado-jimenez-mba-msc\\\/\"}]}<\/script>\n<!-- \/ Yoast SEO plugin. -->","yoast_head_json":{"title":"Pandemic and the mental health in the XXI Century. - Gnosis XXI","robots":{"index":"index","follow":"follow","max-snippet":"max-snippet:-1","max-image-preview":"max-image-preview:large","max-video-preview":"max-video-preview:-1"},"canonical":"https:\/\/www.gnosisxxi.mx\/en\/pandemic-and-the-mental-health-in-the-xxi-century\/","og_locale":"en_US","og_type":"article","og_title":"Pandemic and the mental health in the XXI Century. - Gnosis XXI","og_description":"Today I had the chance to attend a webinar with my dear friend\u00a0\u00a0Mauricio Zerme\u00f1o about a mental health condition as a consequence of pandemic: Narcissism. According to this webinar, it is quite frequent that narcissist is related to a person that likes to look good an the reality goes beyond that perception. The mental health [&hellip;]","og_url":"https:\/\/www.gnosisxxi.mx\/en\/pandemic-and-the-mental-health-in-the-xxi-century\/","og_site_name":"Gnosis XXI","article_published_time":"2020-12-03T05:41:48+00:00","article_modified_time":"2020-12-03T05:58:19+00:00","author":"Adriana Maldonado Jim\u00e9nez, MBA, MSc","twitter_card":"summary_large_image","twitter_misc":{"Written by":"Adriana Maldonado Jim\u00e9nez, MBA, MSc","Est. reading time":"2 minutes"},"schema":{"@context":"https:\/\/schema.org","@graph":[{"@type":"Article","@id":"https:\/\/www.gnosisxxi.mx\/en\/pandemic-and-the-mental-health-in-the-xxi-century\/#article","isPartOf":{"@id":"https:\/\/www.gnosisxxi.mx\/en\/pandemic-and-the-mental-health-in-the-xxi-century\/"},"author":{"name":"Adriana Maldonado Jim\u00e9nez, MBA, MSc","@id":"https:\/\/www.gnosisxxi.mx\/en\/#\/schema\/person\/d6c9a151f6e26a58c07293c0426c4ec0"},"headline":"Pandemic and the mental health in the XXI Century.","datePublished":"2020-12-03T05:41:48+00:00","dateModified":"2020-12-03T05:58:19+00:00","mainEntityOfPage":{"@id":"https:\/\/www.gnosisxxi.mx\/en\/pandemic-and-the-mental-health-in-the-xxi-century\/"},"wordCount":342,"commentCount":0,"articleSection":["Knowledge"],"inLanguage":"en-US","potentialAction":[{"@type":"CommentAction","name":"Comment","target":["https:\/\/www.gnosisxxi.mx\/en\/pandemic-and-the-mental-health-in-the-xxi-century\/#respond"]}]},{"@type":"WebPage","@id":"https:\/\/www.gnosisxxi.mx\/en\/pandemic-and-the-mental-health-in-the-xxi-century\/","url":"https:\/\/www.gnosisxxi.mx\/en\/pandemic-and-the-mental-health-in-the-xxi-century\/","name":"Pandemic and the mental health in the XXI Century. - Gnosis XXI","isPartOf":{"@id":"https:\/\/www.gnosisxxi.mx\/en\/#website"},"datePublished":"2020-12-03T05:41:48+00:00","dateModified":"2020-12-03T05:58:19+00:00","author":{"@id":"https:\/\/www.gnosisxxi.mx\/en\/#\/schema\/person\/d6c9a151f6e26a58c07293c0426c4ec0"},"breadcrumb":{"@id":"https:\/\/www.gnosisxxi.mx\/en\/pandemic-and-the-mental-health-in-the-xxi-century\/#breadcrumb"},"inLanguage":"en-US","potentialAction":[{"@type":"ReadAction","target":["https:\/\/www.gnosisxxi.mx\/en\/pandemic-and-the-mental-health-in-the-xxi-century\/"]}]},{"@type":"BreadcrumbList","@id":"https:\/\/www.gnosisxxi.mx\/en\/pandemic-and-the-mental-health-in-the-xxi-century\/#breadcrumb","itemListElement":[{"@type":"ListItem","position":1,"name":"Inicio","item":"https:\/\/www.gnosisxxi.mx\/en\/"},{"@type":"ListItem","position":2,"name":"Pandemic and the mental health in the XXI Century."}]},{"@type":"WebSite","@id":"https:\/\/www.gnosisxxi.mx\/en\/#website","url":"https:\/\/www.gnosisxxi.mx\/en\/","name":"Gnosis XXI","description":"Gnosis XXI aplicando el conocimiento y construyendo redes de apoyo para acompa\u00f1ar a las empresas y gobiernos a lograr el \u00e9xito en su prop\u00f3sito con eficiencia y efectividad.","potentialAction":[{"@type":"SearchAction","target":{"@type":"EntryPoint","urlTemplate":"https:\/\/www.gnosisxxi.mx\/en\/?s={search_term_string}"},"query-input":{"@type":"PropertyValueSpecification","valueRequired":true,"valueName":"search_term_string"}}],"inLanguage":"en-US"},{"@type":"Person","@id":"https:\/\/www.gnosisxxi.mx\/en\/#\/schema\/person\/d6c9a151f6e26a58c07293c0426c4ec0","name":"Adriana Maldonado Jim\u00e9nez, MBA, MSc","pronouns":"she\/her","image":{"@type":"ImageObject","inLanguage":"en-US","@id":"https:\/\/secure.gravatar.com\/avatar\/88fef5c9b059fe9f088526b4e13574c1a31a62be3e6f1f387935ffe2dab72766?s=96&d=mm&r=g","url":"https:\/\/secure.gravatar.com\/avatar\/88fef5c9b059fe9f088526b4e13574c1a31a62be3e6f1f387935ffe2dab72766?s=96&d=mm&r=g","contentUrl":"https:\/\/secure.gravatar.com\/avatar\/88fef5c9b059fe9f088526b4e13574c1a31a62be3e6f1f387935ffe2dab72766?s=96&d=mm&r=g","caption":"Adriana Maldonado Jim\u00e9nez, MBA, MSc"},"sameAs":["https:\/\/www.gnosisxxi.mx","https:\/\/www.linkedin.com\/in\/adriana-maldonado-jimnez-40b708b0\/"],"url":"https:\/\/www.gnosisxxi.mx\/en\/author\/adriana-maldonado-jimenez-mba-msc\/"}]}},"_links":{"self":[{"href":"https:\/\/www.gnosisxxi.mx\/en\/wp-json\/wp\/v2\/posts\/1098","targetHints":{"allow":["GET"]}}],"collection":[{"href":"https:\/\/www.gnosisxxi.mx\/en\/wp-json\/wp\/v2\/posts"}],"about":[{"href":"https:\/\/www.gnosisxxi.mx\/en\/wp-json\/wp\/v2\/types\/post"}],"author":[{"embeddable":true,"href":"https:\/\/www.gnosisxxi.mx\/en\/wp-json\/wp\/v2\/users\/3"}],"replies":[{"embeddable":true,"href":"https:\/\/www.gnosisxxi.mx\/en\/wp-json\/wp\/v2\/comments?post=1098"}],"version-history":[{"count":2,"href":"https:\/\/www.gnosisxxi.mx\/en\/wp-json\/wp\/v2\/posts\/1098\/revisions"}],"predecessor-version":[{"id":1106,"href":"https:\/\/www.gnosisxxi.mx\/en\/wp-json\/wp\/v2\/posts\/1098\/revisions\/1106"}],"wp:attachment":[{"href":"https:\/\/www.gnosisxxi.mx\/en\/wp-json\/wp\/v2\/media?parent=1098"}],"wp:term":[{"taxonomy":"category","embeddable":true,"href":"https:\/\/www.gnosisxxi.mx\/en\/wp-json\/wp\/v2\/categories?post=1098"},{"taxonomy":"post_tag","embeddable":true,"href":"https:\/\/www.gnosisxxi.mx\/en\/wp-json\/wp\/v2\/tags?post=1098"}],"curies":[{"name":"wp","href":"https:\/\/api.w.org\/{rel}","templated":true}]}}